{"id":550,"date":"2018-11-21T09:45:00","date_gmt":"2018-11-21T09:45:00","guid":{"rendered":"http:\/\/www.repuestosfuster.com\/blog\/?p=550"},"modified":"2018-11-21T15:54:32","modified_gmt":"2018-11-21T15:54:32","slug":"vibracion-mecanica-en-tractores","status":"publish","type":"post","link":"https:\/\/www.repuestosfuster.com\/blog\/vibracion-mecanica-en-tractores\/","title":{"rendered":"La vibraci\u00f3n mec\u00e1nica en tractores"},"content":{"rendered":"<p style=\"text-align: justify;\">La vibraci\u00f3n mec\u00e1nica es el movimiento de un cuerpo en posici\u00f3n de equilibrio y sin que este se encuentre sometido a un desplazamiento neto. De esta manera, si un objeto que vibra entra en contacto con el cuerpo humano, le transmite la vibraci\u00f3n. Algunos de los problemas de salud m\u00e1s frecuentes con los que puede enfrentarse cualquier tractorista durante la realizaci\u00f3n de su trabajo son los derivados precisamente de la absorci\u00f3n por parte de su cuerpo de las <strong>vibraciones del tractor<\/strong>.<\/p>\n<h3><strong>La vibraci\u00f3n mec\u00e1nica sobre el cuerpo del tractorista<\/strong><\/h3>\n<p style=\"text-align: justify;\">La transmisi\u00f3n de\u00a0la vibraci\u00f3n del tractor al cuerpo del operario puede\u00a0verse incrementada por factores como un terreno irregular o una suspensi\u00f3n insuficiente en el veh\u00edculo. Generalmente, los tractores cuentan con una escasa capacidad de absorci\u00f3n que recae sobre los neum\u00e1ticos, el asiento y la suspensi\u00f3n. Este hecho puede provocar que el movimiento del veh\u00edculo se transmita por todo el cuerpo del conductor incidiendo especialmente en determinadas partes como la espalda, los brazos y las manos. Los <strong>problemas de salud<\/strong> derivados de una exposici\u00f3n prolongada y no controlada a este tipo de vibraci\u00f3n pueden resultar lo suficientemente graves como para plantearse adoptar medidas preventivas.<\/p>\n<blockquote class=\"twitter-tweet\" data-width=\"550\">\n<p lang=\"es\" dir=\"ltr\">Muchos de los problemas de salud de un tractorista pueden deberse a la vibraci\u00f3n mec\u00e1nica del tractor. <a href=\"https:\/\/t.co\/vMMFEZ60uP\">https:\/\/t.co\/vMMFEZ60uP<\/a> <a href=\"https:\/\/t.co\/83QhfCfF3v\">pic.twitter.com\/83QhfCfF3v<\/a><\/p>\n<p>&mdash; Repuestos Fuster (@RepuestosFuster) <a href=\"https:\/\/twitter.com\/RepuestosFuster\/status\/1065194684476211201?ref_src=twsrc%5Etfw\">November 21, 2018<\/a><\/p><\/blockquote>\n<p><script async src=\"https:\/\/platform.twitter.com\/widgets.js\" charset=\"utf-8\"><\/script><\/p>\n<p style=\"text-align: justify;\">La vibraci\u00f3n mec\u00e1nica se mide mediante unos sensores llamados <strong>aceler\u00f3metros<\/strong>. Estos se colocan en diferentes lugares del tractor como el asiento o el suelo de la cabina y determinan la intensidad del movimiento en unidades de metros por segundo al cuadrado (m\/s<sup>2<\/sup>). Seg\u00fan los par\u00e1metros obtenidos, se determina si la vibraci\u00f3n mec\u00e1nica es baja, moderada o alta de acuerdo a unos est\u00e1ndares sellados por la Uni\u00f3n Europea.<\/p>\n<h3><strong>Factores a tener en cuenta<\/strong><\/h3>\n<p style=\"text-align: justify;\">Al manejar un tractor, siempre existe un riesgo impl\u00edcito para el tractorista derivado de las vibraciones absorbidas por el asiento. El cuerpo asimila todo el movimiento transmitido y es entonces cuando los da\u00f1os f\u00edsicos pueden comenzar a originarse. La intensidad de estos puede venir determinada por varios <strong>factores<\/strong> como los siguientes.<\/p>\n<ul>\n<li>\n<p style=\"text-align: justify;\"><strong>La intensidad de la vibraci\u00f3n<\/strong>, medida en m\/s<sup>2<\/sup> y que generalmente vendr\u00e1 determinada por otros factores como el tipo de terreno sobre el que se est\u00e9 trabajando o la labor que se est\u00e9 llevando a cabo.<\/p>\n<\/li>\n<li>\n<p style=\"text-align: justify;\"><strong>Las condiciones f\u00edsicas del tractorista.<\/strong> En este sentido habr\u00e1 que atender a diferentes aspectos como el peso, la edad o la altura.<\/p>\n<\/li>\n<li>\n<p style=\"text-align: justify;\"><strong>La posici\u00f3n<\/strong> que el tractorista adopte a los mandos del veh\u00edculo.<\/p>\n<\/li>\n<li>\n<p style=\"text-align: justify;\"><strong>La vestimenta del conductor.<\/strong> Determinados tejidos resultar\u00e1n mejores aislantes que otros a la hora de proteger las partes del cuerpo m\u00e1s sensibles hacia las vibraciones del tractor.<\/p>\n<\/li>\n<li>\n<p style=\"text-align: justify;\"><strong>El tiempo de exposici\u00f3n<\/strong> a las vibraciones.<\/p>\n<\/li>\n<li>\n<p style=\"text-align: justify;\"><strong>El estado del tractor.<\/strong> Un tractor en buen estado siempre ser\u00e1 una mejor herramienta de trabajo; en este sentido ser\u00e1n fundamentales los componentes del mismo, as\u00ed como la calidad de los <span style=\"color: #ff9900;\"><a style=\"color: #ff9900;\" href=\"https:\/\/www.repuestosfuster.com\/es\" target=\"_blank\" rel=\"noopener noreferrer\">repuestos agr\u00edcolas<\/a><\/span> que se hayan instalado.<\/p>\n<\/li>\n<\/ul>\n<h3><strong>Medidas preventivas<\/strong><\/h3>\n<p style=\"text-align: justify;\">Las medidas preventivas m\u00e1s eficaces para reducir el impacto de la vibraci\u00f3n mec\u00e1nica pasan por adaptar determinados componentes del tractor. En este sentido, el <strong>asiento<\/strong> es el elemento que m\u00e1s ha evolucionado y en la actualidad existen modelos preparados para absorber pr\u00e1cticamente la totalidad de la vibraci\u00f3n mediante eficientes sistemas de suspensi\u00f3n y amortiguaci\u00f3n. Por norma general, y m\u00e1s desde que este problema ha sido foco de debate en la Uni\u00f3n Europea, los fabricantes de veh\u00edculos agr\u00edcolas tienen en cuenta los efectos de la vibraci\u00f3n a la hora de dise\u00f1ar los diferentes componentes de un nuevo tractor.<\/p>\n<p style=\"text-align: justify;\">La vibraci\u00f3n mec\u00e1nica es un hecho presente en casi cualquier tipo de trabajo agr\u00edcola que precise del manejo de un tractor. Prevenir las consecuencias negativas de la misma es una labor que debe realizarse tanto por parte de los fabricantes como de los tractoristas, que son quienes las sufren directamente en su propio cuerpo.<\/p>\n\n\n<div class=\"kk-star-ratings kksr-auto kksr-align-left kksr-valign-bottom\"\n    data-payload='{&quot;align&quot;:&quot;left&quot;,&quot;id&quot;:&quot;550&quot;,&quot;slug&quot;:&quot;default&quot;,&quot;valign&quot;:&quot;bottom&quot;,&quot;ignore&quot;:&quot;&quot;,&quot;reference&quot;:&quot;auto&quot;,&quot;class&quot;:&quot;&quot;,&quot;count&quot;:&quot;1&quot;,&quot;legendonly&quot;:&quot;&quot;,&quot;readonly&quot;:&quot;&quot;,&quot;score&quot;:&quot;1&quot;,&quot;starsonly&quot;:&quot;&quot;,&quot;best&quot;:&quot;5&quot;,&quot;gap&quot;:&quot;5&quot;,&quot;greet&quot;:&quot;Rate this post&quot;,&quot;legend&quot;:&quot;1\\\/5 - (1 voto)&quot;,&quot;size&quot;:&quot;24&quot;,&quot;title&quot;:&quot;La vibraci\u00f3n mec\u00e1nica en tractores&quot;,&quot;width&quot;:&quot;26.5&quot;,&quot;_legend&quot;:&quot;{score}\\\/{best} - ({count} {votes})&quot;,&quot;font_factor&quot;:&quot;1.25&quot;}'>\n            \n<div class=\"kksr-stars\">\n    \n<div class=\"kksr-stars-inactive\">\n            <div class=\"kksr-star\" data-star=\"1\" style=\"padding-right: 5px\">\n            \n\n<div class=\"kksr-icon\" style=\"width: 24px; height: 24px;\"><\/div>\n        <\/div>\n            <div class=\"kksr-star\" data-star=\"2\" style=\"padding-right: 5px\">\n            \n\n<div class=\"kksr-icon\" style=\"width: 24px; height: 24px;\"><\/div>\n        <\/div>\n            <div class=\"kksr-star\" data-star=\"3\" style=\"padding-right: 5px\">\n            \n\n<div class=\"kksr-icon\" style=\"width: 24px; height: 24px;\"><\/div>\n        <\/div>\n            <div class=\"kksr-star\" data-star=\"4\" style=\"padding-right: 5px\">\n            \n\n<div class=\"kksr-icon\" style=\"width: 24px; height: 24px;\"><\/div>\n        <\/div>\n            <div class=\"kksr-star\" data-star=\"5\" style=\"padding-right: 5px\">\n            \n\n<div class=\"kksr-icon\" style=\"width: 24px; height: 24px;\"><\/div>\n        <\/div>\n    <\/div>\n    \n<div class=\"kksr-stars-active\" style=\"width: 26.5px;\">\n            <div class=\"kksr-star\" style=\"padding-right: 5px\">\n            \n\n<div class=\"kksr-icon\" style=\"width: 24px; height: 24px;\"><\/div>\n        <\/div>\n            <div class=\"kksr-star\" style=\"padding-right: 5px\">\n            \n\n<div class=\"kksr-icon\" style=\"width: 24px; height: 24px;\"><\/div>\n        <\/div>\n            <div class=\"kksr-star\" style=\"padding-right: 5px\">\n            \n\n<div class=\"kksr-icon\" style=\"width: 24px; height: 24px;\"><\/div>\n        <\/div>\n            <div class=\"kksr-star\" style=\"padding-right: 5px\">\n            \n\n<div class=\"kksr-icon\" style=\"width: 24px; height: 24px;\"><\/div>\n        <\/div>\n            <div class=\"kksr-star\" style=\"padding-right: 5px\">\n            \n\n<div class=\"kksr-icon\" style=\"width: 24px; height: 24px;\"><\/div>\n        <\/div>\n    <\/div>\n<\/div>\n                \n\n<div class=\"kksr-legend\" style=\"font-size: 19.2px;\">\n            1\/5 - (1 voto)    <\/div>\n    <\/div>\n","protected":false},"excerpt":{"rendered":"<p>La vibraci\u00f3n mec\u00e1nica transmitida al cuerpo del tractorista puede acarrear graves problemas de salud si no se adoptan medidas preventivas.<\/p>\n<a href=\"https:\/\/www.repuestosfuster.com\/blog\/vibracion-mecanica-en-tractores\/\" class=\"read-more-link\">Continua leyendo <span class=\"screen-reader-text\">\"La vibraci\u00f3n mec\u00e1nica en tractores\"<\/span> <span class=\"meta-nav\">&rarr;<\/span><\/a>","protected":false},"author":1,"featured_media":552,"comment_status":"open","ping_status":"open","sticky":false,"template":"","format":"standard","meta":{"_monsterinsights_skip_tracking":false,"_monsterinsights_sitenote_active":false,"_monsterinsights_sitenote_note":"","_monsterinsights_sitenote_category":0,"jetpack_post_was_ever_published":false,"_jetpack_newsletter_access":"","_jetpack_dont_email_post_to_subs":false,"_jetpack_newsletter_tier_id":0,"_jetpack_memberships_contains_paywalled_content":false,"_jetpack_memberships_contains_paid_content":false,"footnotes":"","jetpack_publicize_message":"","jetpack_publicize_feature_enabled":true,"jetpack_social_post_already_shared":true,"jetpack_social_options":{"image_generator_settings":{"template":"highway","default_image_id":0,"font":"","enabled":false},"version":2}},"categories":[34,35],"tags":[],"class_list":["post-550","post","type-post","status-publish","format-standard","has-post-thumbnail","hentry","category-tractor","category-seguridad","penguin-post","penguin-post-not-sticky"],"yoast_head":"<!-- This site is optimized with the Yoast SEO plugin v27.2 - https:\/\/yoast.com\/product\/yoast-seo-wordpress\/ -->\n<title>La vibraci\u00f3n mec\u00e1nica en tractores - BLOG<\/title>\n<meta name=\"description\" content=\"La vibraci\u00f3n mec\u00e1nica transmitida al cuerpo del tractorista epuede acarrear graves problemas de salud si no se adoptan medidas preventivas.\" \/>\n<meta name=\"robots\" content=\"index, follow, max-snippet:-1, max-image-preview:large, max-video-preview:-1\" \/>\n<link rel=\"canonical\" href=\"https:\/\/www.repuestosfuster.com\/blog\/vibracion-mecanica-en-tractores\/\" \/>\n<meta property=\"og:locale\" content=\"es_ES\" \/>\n<meta property=\"og:type\" content=\"article\" \/>\n<meta property=\"og:title\" content=\"La vibraci\u00f3n mec\u00e1nica en tractores - BLOG\" \/>\n<meta property=\"og:description\" content=\"La vibraci\u00f3n mec\u00e1nica transmitida al cuerpo del tractorista epuede acarrear graves problemas de salud si no se adoptan medidas preventivas.\" \/>\n<meta property=\"og:url\" content=\"https:\/\/www.repuestosfuster.com\/blog\/vibracion-mecanica-en-tractores\/\" \/>\n<meta property=\"og:site_name\" content=\"BLOG\" \/>\n<meta property=\"article:published_time\" content=\"2018-11-21T09:45:00+00:00\" \/>\n<meta property=\"article:modified_time\" content=\"2018-11-21T15:54:32+00:00\" \/>\n<meta property=\"og:image\" content=\"https:\/\/www.repuestosfuster.com\/blog\/wp-content\/uploads\/2018\/11\/VIBRACIONES_1.jpg\" \/>\n\t<meta property=\"og:image:width\" content=\"1920\" \/>\n\t<meta property=\"og:image:height\" content=\"460\" \/>\n\t<meta property=\"og:image:type\" content=\"image\/jpeg\" \/>\n<meta name=\"author\" content=\"FUSTER\" \/>\n<meta name=\"twitter:card\" content=\"summary_large_image\" \/>\n<meta name=\"twitter:label1\" content=\"Escrito por\" \/>\n\t<meta name=\"twitter:data1\" content=\"FUSTER\" \/>\n\t<meta name=\"twitter:label2\" content=\"Tiempo de lectura\" \/>\n\t<meta name=\"twitter:data2\" content=\"3 minutos\" \/>\n<script type=\"application\/ld+json\" class=\"yoast-schema-graph\">{\"@context\":\"https:\/\/schema.org\",\"@graph\":[{\"@type\":\"Article\",\"@id\":\"https:\/\/www.repuestosfuster.com\/blog\/vibracion-mecanica-en-tractores\/#article\",\"isPartOf\":{\"@id\":\"https:\/\/www.repuestosfuster.com\/blog\/vibracion-mecanica-en-tractores\/\"},\"author\":{\"name\":\"FUSTER\",\"@id\":\"https:\/\/www.repuestosfuster.com\/blog\/#\/schema\/person\/96301f462c55228d9d330690c83db2b3\"},\"headline\":\"La vibraci\u00f3n mec\u00e1nica en tractores\",\"datePublished\":\"2018-11-21T09:45:00+00:00\",\"dateModified\":\"2018-11-21T15:54:32+00:00\",\"mainEntityOfPage\":{\"@id\":\"https:\/\/www.repuestosfuster.com\/blog\/vibracion-mecanica-en-tractores\/\"},\"wordCount\":681,\"commentCount\":0,\"publisher\":{\"@id\":\"https:\/\/www.repuestosfuster.com\/blog\/#organization\"},\"image\":{\"@id\":\"https:\/\/www.repuestosfuster.com\/blog\/vibracion-mecanica-en-tractores\/#primaryimage\"},\"thumbnailUrl\":\"https:\/\/www.repuestosfuster.com\/blog\/wp-content\/uploads\/2018\/11\/VIBRACIONES_1.jpg\",\"articleSection\":[\"El tractor\",\"Seguridad\"],\"inLanguage\":\"es\",\"potentialAction\":[{\"@type\":\"CommentAction\",\"name\":\"Comment\",\"target\":[\"https:\/\/www.repuestosfuster.com\/blog\/vibracion-mecanica-en-tractores\/#respond\"]}]},{\"@type\":\"WebPage\",\"@id\":\"https:\/\/www.repuestosfuster.com\/blog\/vibracion-mecanica-en-tractores\/\",\"url\":\"https:\/\/www.repuestosfuster.com\/blog\/vibracion-mecanica-en-tractores\/\",\"name\":\"La vibraci\u00f3n mec\u00e1nica en tractores - BLOG\",\"isPartOf\":{\"@id\":\"https:\/\/www.repuestosfuster.com\/blog\/#website\"},\"primaryImageOfPage\":{\"@id\":\"https:\/\/www.repuestosfuster.com\/blog\/vibracion-mecanica-en-tractores\/#primaryimage\"},\"image\":{\"@id\":\"https:\/\/www.repuestosfuster.com\/blog\/vibracion-mecanica-en-tractores\/#primaryimage\"},\"thumbnailUrl\":\"https:\/\/www.repuestosfuster.com\/blog\/wp-content\/uploads\/2018\/11\/VIBRACIONES_1.jpg\",\"datePublished\":\"2018-11-21T09:45:00+00:00\",\"dateModified\":\"2018-11-21T15:54:32+00:00\",\"description\":\"La vibraci\u00f3n mec\u00e1nica transmitida al cuerpo del tractorista epuede acarrear graves problemas de salud si no se adoptan medidas preventivas.\",\"breadcrumb\":{\"@id\":\"https:\/\/www.repuestosfuster.com\/blog\/vibracion-mecanica-en-tractores\/#breadcrumb\"},\"inLanguage\":\"es\",\"potentialAction\":[{\"@type\":\"ReadAction\",\"target\":[\"https:\/\/www.repuestosfuster.com\/blog\/vibracion-mecanica-en-tractores\/\"]}]},{\"@type\":\"ImageObject\",\"inLanguage\":\"es\",\"@id\":\"https:\/\/www.repuestosfuster.com\/blog\/vibracion-mecanica-en-tractores\/#primaryimage\",\"url\":\"https:\/\/www.repuestosfuster.com\/blog\/wp-content\/uploads\/2018\/11\/VIBRACIONES_1.jpg\",\"contentUrl\":\"https:\/\/www.repuestosfuster.com\/blog\/wp-content\/uploads\/2018\/11\/VIBRACIONES_1.jpg\",\"width\":1920,\"height\":460,\"caption\":\"La vibraci\u00f3n mec\u00e1nica en tractores\"},{\"@type\":\"BreadcrumbList\",\"@id\":\"https:\/\/www.repuestosfuster.com\/blog\/vibracion-mecanica-en-tractores\/#breadcrumb\",\"itemListElement\":[{\"@type\":\"ListItem\",\"position\":1,\"name\":\"Inicio\",\"item\":\"https:\/\/www.repuestosfuster.com\/blog\/\"},{\"@type\":\"ListItem\",\"position\":2,\"name\":\"La vibraci\u00f3n mec\u00e1nica en tractores\"}]},{\"@type\":\"WebSite\",\"@id\":\"https:\/\/www.repuestosfuster.com\/blog\/#website\",\"url\":\"https:\/\/www.repuestosfuster.com\/blog\/\",\"name\":\"Repuestos Fuster Blog\",\"description\":\"Tu blog de agricultura y tractores\",\"publisher\":{\"@id\":\"https:\/\/www.repuestosfuster.com\/blog\/#organization\"},\"potentialAction\":[{\"@type\":\"SearchAction\",\"target\":{\"@type\":\"EntryPoint\",\"urlTemplate\":\"https:\/\/www.repuestosfuster.com\/blog\/?s={search_term_string}\"},\"query-input\":{\"@type\":\"PropertyValueSpecification\",\"valueRequired\":true,\"valueName\":\"search_term_string\"}}],\"inLanguage\":\"es\"},{\"@type\":\"Organization\",\"@id\":\"https:\/\/www.repuestosfuster.com\/blog\/#organization\",\"name\":\"Repuestos Fuster\",\"url\":\"https:\/\/www.repuestosfuster.com\/blog\/\",\"logo\":{\"@type\":\"ImageObject\",\"inLanguage\":\"es\",\"@id\":\"https:\/\/www.repuestosfuster.com\/blog\/#\/schema\/logo\/image\/\",\"url\":\"https:\/\/www.repuestosfuster.com\/blog\/wp-content\/uploads\/2017\/03\/logo-fuster.png\",\"contentUrl\":\"https:\/\/www.repuestosfuster.com\/blog\/wp-content\/uploads\/2017\/03\/logo-fuster.png\",\"width\":300,\"height\":120,\"caption\":\"Repuestos Fuster\"},\"image\":{\"@id\":\"https:\/\/www.repuestosfuster.com\/blog\/#\/schema\/logo\/image\/\"}},{\"@type\":\"Person\",\"@id\":\"https:\/\/www.repuestosfuster.com\/blog\/#\/schema\/person\/96301f462c55228d9d330690c83db2b3\",\"name\":\"FUSTER\",\"image\":{\"@type\":\"ImageObject\",\"inLanguage\":\"es\",\"@id\":\"https:\/\/secure.gravatar.com\/avatar\/00201df07a21b34b695826e786430d6bd01ef7530dd6745786b4e32666a277e4?s=96&d=mm&r=g\",\"url\":\"https:\/\/secure.gravatar.com\/avatar\/00201df07a21b34b695826e786430d6bd01ef7530dd6745786b4e32666a277e4?s=96&d=mm&r=g\",\"contentUrl\":\"https:\/\/secure.gravatar.com\/avatar\/00201df07a21b34b695826e786430d6bd01ef7530dd6745786b4e32666a277e4?s=96&d=mm&r=g\",\"caption\":\"FUSTER\"},\"description\":\"Repuestos Fuster es un fabricante de recambios para tractores cuyo principal objetivo es la producci\u00f3n rigurosa y garantizada de repuestos con la misma calidad que la pieza original a un precio m\u00e1s econ\u00f3mico.\",\"sameAs\":[\"http:\/\/www.repuestosfuster.com\/\"]}]}<\/script>\n<!-- \/ Yoast SEO plugin. -->","yoast_head_json":{"title":"La vibraci\u00f3n mec\u00e1nica en tractores - BLOG","description":"La vibraci\u00f3n mec\u00e1nica transmitida al cuerpo del tractorista epuede acarrear graves problemas de salud si no se adoptan medidas preventivas.","robots":{"index":"index","follow":"follow","max-snippet":"max-snippet:-1","max-image-preview":"max-image-preview:large","max-video-preview":"max-video-preview:-1"},"canonical":"https:\/\/www.repuestosfuster.com\/blog\/vibracion-mecanica-en-tractores\/","og_locale":"es_ES","og_type":"article","og_title":"La vibraci\u00f3n mec\u00e1nica en tractores - BLOG","og_description":"La vibraci\u00f3n mec\u00e1nica transmitida al cuerpo del tractorista epuede acarrear graves problemas de salud si no se adoptan medidas preventivas.","og_url":"https:\/\/www.repuestosfuster.com\/blog\/vibracion-mecanica-en-tractores\/","og_site_name":"BLOG","article_published_time":"2018-11-21T09:45:00+00:00","article_modified_time":"2018-11-21T15:54:32+00:00","og_image":[{"width":1920,"height":460,"url":"https:\/\/www.repuestosfuster.com\/blog\/wp-content\/uploads\/2018\/11\/VIBRACIONES_1.jpg","type":"image\/jpeg"}],"author":"FUSTER","twitter_card":"summary_large_image","twitter_misc":{"Escrito por":"FUSTER","Tiempo de lectura":"3 minutos"},"schema":{"@context":"https:\/\/schema.org","@graph":[{"@type":"Article","@id":"https:\/\/www.repuestosfuster.com\/blog\/vibracion-mecanica-en-tractores\/#article","isPartOf":{"@id":"https:\/\/www.repuestosfuster.com\/blog\/vibracion-mecanica-en-tractores\/"},"author":{"name":"FUSTER","@id":"https:\/\/www.repuestosfuster.com\/blog\/#\/schema\/person\/96301f462c55228d9d330690c83db2b3"},"headline":"La vibraci\u00f3n mec\u00e1nica en tractores","datePublished":"2018-11-21T09:45:00+00:00","dateModified":"2018-11-21T15:54:32+00:00","mainEntityOfPage":{"@id":"https:\/\/www.repuestosfuster.com\/blog\/vibracion-mecanica-en-tractores\/"},"wordCount":681,"commentCount":0,"publisher":{"@id":"https:\/\/www.repuestosfuster.com\/blog\/#organization"},"image":{"@id":"https:\/\/www.repuestosfuster.com\/blog\/vibracion-mecanica-en-tractores\/#primaryimage"},"thumbnailUrl":"https:\/\/www.repuestosfuster.com\/blog\/wp-content\/uploads\/2018\/11\/VIBRACIONES_1.jpg","articleSection":["El tractor","Seguridad"],"inLanguage":"es","potentialAction":[{"@type":"CommentAction","name":"Comment","target":["https:\/\/www.repuestosfuster.com\/blog\/vibracion-mecanica-en-tractores\/#respond"]}]},{"@type":"WebPage","@id":"https:\/\/www.repuestosfuster.com\/blog\/vibracion-mecanica-en-tractores\/","url":"https:\/\/www.repuestosfuster.com\/blog\/vibracion-mecanica-en-tractores\/","name":"La vibraci\u00f3n mec\u00e1nica en tractores - BLOG","isPartOf":{"@id":"https:\/\/www.repuestosfuster.com\/blog\/#website"},"primaryImageOfPage":{"@id":"https:\/\/www.repuestosfuster.com\/blog\/vibracion-mecanica-en-tractores\/#primaryimage"},"image":{"@id":"https:\/\/www.repuestosfuster.com\/blog\/vibracion-mecanica-en-tractores\/#primaryimage"},"thumbnailUrl":"https:\/\/www.repuestosfuster.com\/blog\/wp-content\/uploads\/2018\/11\/VIBRACIONES_1.jpg","datePublished":"2018-11-21T09:45:00+00:00","dateModified":"2018-11-21T15:54:32+00:00","description":"La vibraci\u00f3n mec\u00e1nica transmitida al cuerpo del tractorista epuede acarrear graves problemas de salud si no se adoptan medidas preventivas.","breadcrumb":{"@id":"https:\/\/www.repuestosfuster.com\/blog\/vibracion-mecanica-en-tractores\/#breadcrumb"},"inLanguage":"es","potentialAction":[{"@type":"ReadAction","target":["https:\/\/www.repuestosfuster.com\/blog\/vibracion-mecanica-en-tractores\/"]}]},{"@type":"ImageObject","inLanguage":"es","@id":"https:\/\/www.repuestosfuster.com\/blog\/vibracion-mecanica-en-tractores\/#primaryimage","url":"https:\/\/www.repuestosfuster.com\/blog\/wp-content\/uploads\/2018\/11\/VIBRACIONES_1.jpg","contentUrl":"https:\/\/www.repuestosfuster.com\/blog\/wp-content\/uploads\/2018\/11\/VIBRACIONES_1.jpg","width":1920,"height":460,"caption":"La vibraci\u00f3n mec\u00e1nica en tractores"},{"@type":"BreadcrumbList","@id":"https:\/\/www.repuestosfuster.com\/blog\/vibracion-mecanica-en-tractores\/#breadcrumb","itemListElement":[{"@type":"ListItem","position":1,"name":"Inicio","item":"https:\/\/www.repuestosfuster.com\/blog\/"},{"@type":"ListItem","position":2,"name":"La vibraci\u00f3n mec\u00e1nica en tractores"}]},{"@type":"WebSite","@id":"https:\/\/www.repuestosfuster.com\/blog\/#website","url":"https:\/\/www.repuestosfuster.com\/blog\/","name":"Repuestos Fuster Blog","description":"Tu blog de agricultura y tractores","publisher":{"@id":"https:\/\/www.repuestosfuster.com\/blog\/#organization"},"potentialAction":[{"@type":"SearchAction","target":{"@type":"EntryPoint","urlTemplate":"https:\/\/www.repuestosfuster.com\/blog\/?s={search_term_string}"},"query-input":{"@type":"PropertyValueSpecification","valueRequired":true,"valueName":"search_term_string"}}],"inLanguage":"es"},{"@type":"Organization","@id":"https:\/\/www.repuestosfuster.com\/blog\/#organization","name":"Repuestos Fuster","url":"https:\/\/www.repuestosfuster.com\/blog\/","logo":{"@type":"ImageObject","inLanguage":"es","@id":"https:\/\/www.repuestosfuster.com\/blog\/#\/schema\/logo\/image\/","url":"https:\/\/www.repuestosfuster.com\/blog\/wp-content\/uploads\/2017\/03\/logo-fuster.png","contentUrl":"https:\/\/www.repuestosfuster.com\/blog\/wp-content\/uploads\/2017\/03\/logo-fuster.png","width":300,"height":120,"caption":"Repuestos Fuster"},"image":{"@id":"https:\/\/www.repuestosfuster.com\/blog\/#\/schema\/logo\/image\/"}},{"@type":"Person","@id":"https:\/\/www.repuestosfuster.com\/blog\/#\/schema\/person\/96301f462c55228d9d330690c83db2b3","name":"FUSTER","image":{"@type":"ImageObject","inLanguage":"es","@id":"https:\/\/secure.gravatar.com\/avatar\/00201df07a21b34b695826e786430d6bd01ef7530dd6745786b4e32666a277e4?s=96&d=mm&r=g","url":"https:\/\/secure.gravatar.com\/avatar\/00201df07a21b34b695826e786430d6bd01ef7530dd6745786b4e32666a277e4?s=96&d=mm&r=g","contentUrl":"https:\/\/secure.gravatar.com\/avatar\/00201df07a21b34b695826e786430d6bd01ef7530dd6745786b4e32666a277e4?s=96&d=mm&r=g","caption":"FUSTER"},"description":"Repuestos Fuster es un fabricante de recambios para tractores cuyo principal objetivo es la producci\u00f3n rigurosa y garantizada de repuestos con la misma calidad que la pieza original a un precio m\u00e1s econ\u00f3mico.","sameAs":["http:\/\/www.repuestosfuster.com\/"]}]}},"jetpack_publicize_connections":[],"jetpack_featured_media_url":"https:\/\/www.repuestosfuster.com\/blog\/wp-content\/uploads\/2018\/11\/VIBRACIONES_1.jpg","jetpack_sharing_enabled":true,"jetpack_shortlink":"https:\/\/wp.me\/p8NulZ-8S","jetpack-related-posts":[],"_links":{"self":[{"href":"https:\/\/www.repuestosfuster.com\/blog\/wp-json\/wp\/v2\/posts\/550","targetHints":{"allow":["GET"]}}],"collection":[{"href":"https:\/\/www.repuestosfuster.com\/blog\/wp-json\/wp\/v2\/posts"}],"about":[{"href":"https:\/\/www.repuestosfuster.com\/blog\/wp-json\/wp\/v2\/types\/post"}],"author":[{"embeddable":true,"href":"https:\/\/www.repuestosfuster.com\/blog\/wp-json\/wp\/v2\/users\/1"}],"replies":[{"embeddable":true,"href":"https:\/\/www.repuestosfuster.com\/blog\/wp-json\/wp\/v2\/comments?post=550"}],"version-history":[{"count":0,"href":"https:\/\/www.repuestosfuster.com\/blog\/wp-json\/wp\/v2\/posts\/550\/revisions"}],"wp:featuredmedia":[{"embeddable":true,"href":"https:\/\/www.repuestosfuster.com\/blog\/wp-json\/wp\/v2\/media\/552"}],"wp:attachment":[{"href":"https:\/\/www.repuestosfuster.com\/blog\/wp-json\/wp\/v2\/media?parent=550"}],"wp:term":[{"taxonomy":"category","embeddable":true,"href":"https:\/\/www.repuestosfuster.com\/blog\/wp-json\/wp\/v2\/categories?post=550"},{"taxonomy":"post_tag","embeddable":true,"href":"https:\/\/www.repuestosfuster.com\/blog\/wp-json\/wp\/v2\/tags?post=550"}],"curies":[{"name":"wp","href":"https:\/\/api.w.org\/{rel}","templated":true}]}}