{"id":3787,"date":"2026-04-22T07:00:00","date_gmt":"2026-04-22T05:00:00","guid":{"rendered":"https:\/\/www.repuestosfuster.com\/blog\/?p=3787"},"modified":"2026-03-11T08:17:00","modified_gmt":"2026-03-11T06:17:00","slug":"sobre-motores-agricolas-y-normativa-de-emisiones","status":"publish","type":"post","link":"https:\/\/www.repuestosfuster.com\/blog\/sobre-motores-agricolas-y-normativa-de-emisiones\/","title":{"rendered":"Sobre motores agr\u00edcolas y normativa de emisiones"},"content":{"rendered":"\n<p>El motor es y ha sido desde siempre el coraz\u00f3n de cualquier maquinaria que opera en el campo. La evoluci\u00f3n de su dise\u00f1o no solo responde a una necesidad de potencia y eficiencia, sino tambi\u00e9n a la cambiante <strong>normativa sobre emisiones contaminantes<\/strong>. Desde los primeros motores di\u00e9sel hasta los modernos propulsores <strong>Stage V<\/strong>, la regulaci\u00f3n europea ha operado una serie de cambios t\u00e9cnicos fundamentales que impactan tanto en la productividad como en el cuidado ambiental.<\/p>\n\n\n\n<h3 class=\"wp-block-heading\"><strong>La historia de la normativa de emisiones en motores agr\u00edcolas<\/strong><\/h3>\n\n\n\n<p>La legislaci\u00f3n sobre <strong>emisiones<\/strong> en la maquinaria agr\u00edcola comenz\u00f3 a consolidarse en Europa en la d\u00e9cada de <strong>1990<\/strong>, con el establecimiento de los <strong>est\u00e1ndares Stage I y Stage II<\/strong>. Estos primeros marcos normativos buscaban reducir la liberaci\u00f3n de \u00f3xidos de nitr\u00f3geno (NOx), mon\u00f3xido de carbono (CO) y part\u00edculas (PM) provenientes de motores di\u00e9sel, aunque a\u00fan no se exig\u00edan tecnolog\u00edas muy complejas. Con la entrada de <strong>Stage III y IV<\/strong>, la normativa se volvi\u00f3 m\u00e1s estricta, impulsando la incorporaci\u00f3n de sistemas de postratamiento como catalizadores selectivos y filtros de part\u00edculas que permitieron mantener la potencia y eficiencia sin sacrificar la <strong>reducci\u00f3n de contaminantes<\/strong>.<\/p>\n\n\n\n<h3 class=\"wp-block-heading\"><strong>Stage V: el presente de las emisiones<\/strong><\/h3>\n\n\n\n<p>El est\u00e1ndar <a href=\"https:\/\/www.repuestosfuster.com\/blog\/stage-v-nuevos-motores-menos-emisiones\/\" target=\"_blank\" rel=\"noreferrer noopener\"><strong><mark style=\"background-color:rgba(0, 0, 0, 0)\" class=\"has-inline-color has-luminous-vivid-orange-color\">Stage V<\/mark><\/strong><\/a> representa el nivel m\u00e1s exigente sobre emisiones que en la actualidad se aplica en la Uni\u00f3n Europea. Su introducci\u00f3n oblig\u00f3 a los fabricantes a integrar sistemas avanzados de <strong>control de part\u00edculas y gases<\/strong>, incluyendo filtros de part\u00edculas di\u00e9sel (DPF), reductores catal\u00edticos selectivos (SCR) y recirculaci\u00f3n de gases de escape (EGR). Estas tecnolog\u00edas permiten disminuir significativamente las <strong>emisiones de PM y NOx<\/strong> y as\u00ed se contribuye a la mejora de la calidad del aire y a la reducci\u00f3n del impacto ambiental inherente a la agricultura mecanizada.<\/p>\n\n\n\n<hr class=\"wp-block-separator has-text-color has-alpha-channel-opacity has-background\" style=\"background-color:#ffffff00;color:#ffffff00\"\/>\n\n\n<div class=\"wp-block-image\">\n<figure class=\"aligncenter size-full\"><img loading=\"lazy\" decoding=\"async\" width=\"850\" height=\"567\" data-attachment-id=\"3789\" data-permalink=\"https:\/\/www.repuestosfuster.com\/blog\/sobre-motores-agricolas-y-normativa-de-emisiones\/emisiones_\/\" data-orig-file=\"https:\/\/www.repuestosfuster.com\/blog\/wp-content\/uploads\/2026\/02\/emisiones_.jpg\" data-orig-size=\"850,567\" data-comments-opened=\"1\" data-image-meta=\"{&quot;aperture&quot;:&quot;0&quot;,&quot;credit&quot;:&quot;&quot;,&quot;camera&quot;:&quot;&quot;,&quot;caption&quot;:&quot;&quot;,&quot;created_timestamp&quot;:&quot;0&quot;,&quot;copyright&quot;:&quot;&quot;,&quot;focal_length&quot;:&quot;0&quot;,&quot;iso&quot;:&quot;0&quot;,&quot;shutter_speed&quot;:&quot;0&quot;,&quot;title&quot;:&quot;&quot;,&quot;orientation&quot;:&quot;0&quot;}\" data-image-title=\"emisiones_\" data-image-description=\"\" data-image-caption=\"\" data-medium-file=\"https:\/\/www.repuestosfuster.com\/blog\/wp-content\/uploads\/2026\/02\/emisiones_-300x200.jpg\" data-large-file=\"https:\/\/www.repuestosfuster.com\/blog\/wp-content\/uploads\/2026\/02\/emisiones_.jpg\" src=\"http:\/\/www.repuestosfuster.com\/blog\/wp-content\/uploads\/2026\/02\/emisiones_.jpg\" alt=\"emisiones\" class=\"wp-image-3789\" srcset=\"https:\/\/www.repuestosfuster.com\/blog\/wp-content\/uploads\/2026\/02\/emisiones_.jpg 850w, https:\/\/www.repuestosfuster.com\/blog\/wp-content\/uploads\/2026\/02\/emisiones_-300x200.jpg 300w, https:\/\/www.repuestosfuster.com\/blog\/wp-content\/uploads\/2026\/02\/emisiones_-768x512.jpg 768w\" sizes=\"auto, (max-width: 599px) calc(100vw - 50px), (max-width: 767px) calc(100vw - 70px), (max-width: 991px) 429px, (max-width: 1199px) 637px, 354px\" \/><\/figure><\/div>\n\n\n<h3 class=\"wp-block-heading\"><strong>Impacto sobre la maquinaria y la productividad<\/strong><\/h3>\n\n\n\n<p>La implementaci\u00f3n de normativas de emisiones<strong> <\/strong>m\u00e1s estrictas ha exigido un esfuerzo tecnol\u00f3gico considerable. Los motores Stage V no solo cumplen con los <strong>l\u00edmites de contaminantes<\/strong>, sino que mantienen la eficiencia de combustible y la potencia necesaria para operaciones agr\u00edcolas intensivas, desde la <strong>labranza <\/strong>hasta la <a href=\"https:\/\/www.repuestosfuster.com\/blog\/como-influye-la-temperatura-del-suelo-en-las-cosechas\/\" target=\"_blank\" rel=\"noreferrer noopener\"><strong><mark style=\"background-color:rgba(0, 0, 0, 0)\" class=\"has-inline-color has-luminous-vivid-orange-color\">cosecha<\/mark><\/strong><\/a>. Adem\u00e1s, los sistemas de postratamiento y monitorizaci\u00f3n de emisiones facilitan ese mantenimiento preventivo capaz de aumentar la vida \u00fatil de los motores y reducir <strong>riesgos de aver\u00edas graves<\/strong>.<\/p>\n\n\n\n<h3 class=\"wp-block-heading\"><strong>Beneficios ambientales y sociales<\/strong><\/h3>\n\n\n\n<p>El control de emisiones no solo tiene ventajas t\u00e9cnicas, sino tambi\u00e9n <strong>ambientales<\/strong> y <strong>sociales<\/strong>. Reducir part\u00edculas finas y \u00f3xidos de nitr\u00f3geno contribuye a disminuir la contaminaci\u00f3n atmosf\u00e9rica, con efectos positivos sobre la salud de los trabajadores agr\u00edcolas y las comunidades rurales. Asimismo, la adopci\u00f3n de <strong>motores m\u00e1s limpios<\/strong> se alinea con los objetivos de sostenibilidad y la reducci\u00f3n de la huella de carbono en el sector agrario, aspectos cada vez m\u00e1s valorados por consumidores, distribuidores y pol\u00edticas p\u00fablicas.<\/p>\n\n\n\n<h3 class=\"wp-block-heading\"><strong>Retos y perspectivas futuras<\/strong><\/h3>\n\n\n\n<p>A pesar de los avances, la normativa de emisiones plantea retos continuos. La integraci\u00f3n de <strong>tecnolog\u00edas avanzadas<\/strong> implica costes adicionales que pueden repercutir en el precio de la maquinaria, especialmente para peque\u00f1os productores. Por ello, la industria busca soluciones m\u00e1s accesibles, como <a href=\"https:\/\/www.repuestosfuster.com\/blog\/que-es-y-como-funcional-el-tractor-de-hidrogeno\/\" target=\"_blank\" rel=\"noreferrer noopener\"><strong><mark style=\"background-color:rgba(0, 0, 0, 0)\" class=\"has-inline-color has-luminous-vivid-orange-color\">motores h\u00edbridos<\/mark><\/strong><\/a> o la incorporaci\u00f3n de combustibles alternativos que mantengan los est\u00e1ndares de potencia mientras reducen la dependencia del di\u00e9sel. Adem\u00e1s, la <strong>monitorizaci\u00f3n digital<\/strong> y la <strong>telemetr\u00eda <\/strong>permiten optimizar el rendimiento del motor y controlar emisiones en tiempo real; ventajas que allanan el camino hacia una agricultura m\u00e1s eficiente y sostenible.<\/p>\n\n\n\n<p>La evoluci\u00f3n de los motores agr\u00edcolas y la normativa de emisiones es un ejemplo claro de c\u00f3mo la tecnolog\u00eda y la regulaci\u00f3n trabajan de manera conjunta para garantizar la <strong>productividad del campo<\/strong> y la <strong>protecci\u00f3n del medio ambiente<\/strong>. La adopci\u00f3n de est\u00e1ndares cada vez m\u00e1s estrictos marca la direcci\u00f3n de la agricultura moderna, orientada a la eficiencia, la sostenibilidad y la responsabilidad ambiental.<\/p>\n\n\n\n<hr class=\"wp-block-separator has-text-color has-alpha-channel-opacity has-background\" style=\"background-color:#ffffff00;color:#ffffff00\"\/>\n\n\n\n<p>Imagen principal de <a href=\"https:\/\/www.flickr.com\/photos\/dclmeyer\/37853406104\/\" target=\"_blank\" rel=\"noreferrer noopener\">David Meyer<\/a> (recortada).<\/p>\n\n\n\n<p>Imagen central de <a href=\"https:\/\/www.flickr.com\/photos\/cawd\/5874657234\/\" target=\"_blank\" rel=\"noreferrer noopener\">Cawdvt<\/a>.<\/p>\n\n\n\n<p><\/p>\n\n\n<div class=\"kk-star-ratings kksr-auto kksr-align-left kksr-valign-bottom\"\n    data-payload='{&quot;align&quot;:&quot;left&quot;,&quot;id&quot;:&quot;3787&quot;,&quot;slug&quot;:&quot;default&quot;,&quot;valign&quot;:&quot;bottom&quot;,&quot;ignore&quot;:&quot;&quot;,&quot;reference&quot;:&quot;auto&quot;,&quot;class&quot;:&quot;&quot;,&quot;count&quot;:&quot;0&quot;,&quot;legendonly&quot;:&quot;&quot;,&quot;readonly&quot;:&quot;&quot;,&quot;score&quot;:&quot;0&quot;,&quot;starsonly&quot;:&quot;&quot;,&quot;best&quot;:&quot;5&quot;,&quot;gap&quot;:&quot;5&quot;,&quot;greet&quot;:&quot;Rate this post&quot;,&quot;legend&quot;:&quot;0\\\/5 - (0 votos)&quot;,&quot;size&quot;:&quot;24&quot;,&quot;title&quot;:&quot;Sobre motores agr\u00edcolas y normativa de emisiones&quot;,&quot;width&quot;:&quot;0&quot;,&quot;_legend&quot;:&quot;{score}\\\/{best} - ({count} {votes})&quot;,&quot;font_factor&quot;:&quot;1.25&quot;}'>\n            \n<div class=\"kksr-stars\">\n    \n<div class=\"kksr-stars-inactive\">\n            <div class=\"kksr-star\" data-star=\"1\" style=\"padding-right: 5px\">\n            \n\n<div class=\"kksr-icon\" style=\"width: 24px; height: 24px;\"><\/div>\n        <\/div>\n            <div class=\"kksr-star\" data-star=\"2\" style=\"padding-right: 5px\">\n            \n\n<div class=\"kksr-icon\" style=\"width: 24px; height: 24px;\"><\/div>\n        <\/div>\n            <div class=\"kksr-star\" data-star=\"3\" style=\"padding-right: 5px\">\n            \n\n<div class=\"kksr-icon\" style=\"width: 24px; height: 24px;\"><\/div>\n        <\/div>\n            <div class=\"kksr-star\" data-star=\"4\" style=\"padding-right: 5px\">\n            \n\n<div class=\"kksr-icon\" style=\"width: 24px; height: 24px;\"><\/div>\n        <\/div>\n            <div class=\"kksr-star\" data-star=\"5\" style=\"padding-right: 5px\">\n            \n\n<div class=\"kksr-icon\" style=\"width: 24px; height: 24px;\"><\/div>\n        <\/div>\n    <\/div>\n    \n<div class=\"kksr-stars-active\" style=\"width: 0px;\">\n            <div class=\"kksr-star\" style=\"padding-right: 5px\">\n            \n\n<div class=\"kksr-icon\" style=\"width: 24px; height: 24px;\"><\/div>\n        <\/div>\n            <div class=\"kksr-star\" style=\"padding-right: 5px\">\n            \n\n<div class=\"kksr-icon\" style=\"width: 24px; height: 24px;\"><\/div>\n        <\/div>\n            <div class=\"kksr-star\" style=\"padding-right: 5px\">\n            \n\n<div class=\"kksr-icon\" style=\"width: 24px; height: 24px;\"><\/div>\n        <\/div>\n            <div class=\"kksr-star\" style=\"padding-right: 5px\">\n            \n\n<div class=\"kksr-icon\" style=\"width: 24px; height: 24px;\"><\/div>\n        <\/div>\n            <div class=\"kksr-star\" style=\"padding-right: 5px\">\n            \n\n<div class=\"kksr-icon\" style=\"width: 24px; height: 24px;\"><\/div>\n        <\/div>\n    <\/div>\n<\/div>\n                \n\n<div class=\"kksr-legend\" style=\"font-size: 19.2px;\">\n            <span class=\"kksr-muted\">Rate this post<\/span>\n    <\/div>\n    <\/div>\n","protected":false},"excerpt":{"rendered":"<p>Con el paso de las d\u00e9cadas, los motores de la maquinaria agr\u00edcola se han tenido que adaptar a las diferentes normativas sobre emisiones.<\/p>\n<a href=\"https:\/\/www.repuestosfuster.com\/blog\/sobre-motores-agricolas-y-normativa-de-emisiones\/\" class=\"read-more-link\">Continua leyendo <span class=\"screen-reader-text\">\"Sobre motores agr\u00edcolas y normativa de emisiones\"<\/span> <span class=\"meta-nav\">&rarr;<\/span><\/a>","protected":false},"author":1,"featured_media":3790,"comment_status":"open","ping_status":"open","sticky":false,"template":"","format":"standard","meta":{"_monsterinsights_skip_tracking":false,"_monsterinsights_sitenote_active":false,"_monsterinsights_sitenote_note":"","_monsterinsights_sitenote_category":0,"jetpack_post_was_ever_published":false,"_jetpack_newsletter_access":"","_jetpack_dont_email_post_to_subs":false,"_jetpack_newsletter_tier_id":0,"_jetpack_memberships_contains_paywalled_content":false,"_jetpack_memberships_contains_paid_content":false,"footnotes":"","jetpack_publicize_message":"","jetpack_publicize_feature_enabled":true,"jetpack_social_post_already_shared":true,"jetpack_social_options":{"image_generator_settings":{"template":"highway","default_image_id":0,"font":"","enabled":false},"version":2}},"categories":[34],"tags":[],"class_list":["post-3787","post","type-post","status-publish","format-standard","has-post-thumbnail","hentry","category-tractor","penguin-post","penguin-post-not-sticky"],"yoast_head":"<!-- This site is optimized with the Yoast SEO plugin v27.2 - https:\/\/yoast.com\/product\/yoast-seo-wordpress\/ -->\n<title>Sobre motores agr\u00edcolas y normativa de emisiones<\/title>\n<meta name=\"description\" content=\"Con el paso de las d\u00e9cadas, los motores de la maquinaria agr\u00edcola se han tenido que adaptar a las diferentes normativas sobre emisiones.\" \/>\n<meta name=\"robots\" content=\"index, follow, max-snippet:-1, max-image-preview:large, max-video-preview:-1\" \/>\n<link rel=\"canonical\" href=\"https:\/\/www.repuestosfuster.com\/blog\/sobre-motores-agricolas-y-normativa-de-emisiones\/\" \/>\n<meta property=\"og:locale\" content=\"es_ES\" \/>\n<meta property=\"og:type\" content=\"article\" \/>\n<meta property=\"og:title\" content=\"Sobre motores agr\u00edcolas y normativa de emisiones\" \/>\n<meta property=\"og:description\" content=\"Con el paso de las d\u00e9cadas, los motores de la maquinaria agr\u00edcola se han tenido que adaptar a las diferentes normativas sobre emisiones.\" \/>\n<meta property=\"og:url\" content=\"https:\/\/www.repuestosfuster.com\/blog\/sobre-motores-agricolas-y-normativa-de-emisiones\/\" \/>\n<meta property=\"og:site_name\" content=\"BLOG\" \/>\n<meta property=\"article:published_time\" content=\"2026-04-22T05:00:00+00:00\" \/>\n<meta property=\"og:image\" content=\"https:\/\/www.repuestosfuster.com\/blog\/wp-content\/uploads\/2026\/02\/emisiones.jpg\" \/>\n\t<meta property=\"og:image:width\" content=\"1920\" \/>\n\t<meta property=\"og:image:height\" content=\"460\" \/>\n\t<meta property=\"og:image:type\" content=\"image\/jpeg\" \/>\n<meta name=\"author\" content=\"FUSTER\" \/>\n<meta name=\"twitter:card\" content=\"summary_large_image\" \/>\n<meta name=\"twitter:label1\" content=\"Escrito por\" \/>\n\t<meta name=\"twitter:data1\" content=\"FUSTER\" \/>\n\t<meta name=\"twitter:label2\" content=\"Tiempo de lectura\" \/>\n\t<meta name=\"twitter:data2\" content=\"4 minutos\" \/>\n<script type=\"application\/ld+json\" class=\"yoast-schema-graph\">{\"@context\":\"https:\/\/schema.org\",\"@graph\":[{\"@type\":\"Article\",\"@id\":\"https:\/\/www.repuestosfuster.com\/blog\/sobre-motores-agricolas-y-normativa-de-emisiones\/#article\",\"isPartOf\":{\"@id\":\"https:\/\/www.repuestosfuster.com\/blog\/sobre-motores-agricolas-y-normativa-de-emisiones\/\"},\"author\":{\"name\":\"FUSTER\",\"@id\":\"https:\/\/www.repuestosfuster.com\/blog\/#\/schema\/person\/96301f462c55228d9d330690c83db2b3\"},\"headline\":\"Sobre motores agr\u00edcolas y normativa de emisiones\",\"datePublished\":\"2026-04-22T05:00:00+00:00\",\"mainEntityOfPage\":{\"@id\":\"https:\/\/www.repuestosfuster.com\/blog\/sobre-motores-agricolas-y-normativa-de-emisiones\/\"},\"wordCount\":702,\"commentCount\":0,\"publisher\":{\"@id\":\"https:\/\/www.repuestosfuster.com\/blog\/#organization\"},\"image\":{\"@id\":\"https:\/\/www.repuestosfuster.com\/blog\/sobre-motores-agricolas-y-normativa-de-emisiones\/#primaryimage\"},\"thumbnailUrl\":\"https:\/\/www.repuestosfuster.com\/blog\/wp-content\/uploads\/2026\/02\/emisiones.jpg\",\"articleSection\":[\"El tractor\"],\"inLanguage\":\"es\",\"potentialAction\":[{\"@type\":\"CommentAction\",\"name\":\"Comment\",\"target\":[\"https:\/\/www.repuestosfuster.com\/blog\/sobre-motores-agricolas-y-normativa-de-emisiones\/#respond\"]}]},{\"@type\":\"WebPage\",\"@id\":\"https:\/\/www.repuestosfuster.com\/blog\/sobre-motores-agricolas-y-normativa-de-emisiones\/\",\"url\":\"https:\/\/www.repuestosfuster.com\/blog\/sobre-motores-agricolas-y-normativa-de-emisiones\/\",\"name\":\"Sobre motores agr\u00edcolas y normativa de emisiones\",\"isPartOf\":{\"@id\":\"https:\/\/www.repuestosfuster.com\/blog\/#website\"},\"primaryImageOfPage\":{\"@id\":\"https:\/\/www.repuestosfuster.com\/blog\/sobre-motores-agricolas-y-normativa-de-emisiones\/#primaryimage\"},\"image\":{\"@id\":\"https:\/\/www.repuestosfuster.com\/blog\/sobre-motores-agricolas-y-normativa-de-emisiones\/#primaryimage\"},\"thumbnailUrl\":\"https:\/\/www.repuestosfuster.com\/blog\/wp-content\/uploads\/2026\/02\/emisiones.jpg\",\"datePublished\":\"2026-04-22T05:00:00+00:00\",\"description\":\"Con el paso de las d\u00e9cadas, los motores de la maquinaria agr\u00edcola se han tenido que adaptar a las diferentes normativas sobre emisiones.\",\"breadcrumb\":{\"@id\":\"https:\/\/www.repuestosfuster.com\/blog\/sobre-motores-agricolas-y-normativa-de-emisiones\/#breadcrumb\"},\"inLanguage\":\"es\",\"potentialAction\":[{\"@type\":\"ReadAction\",\"target\":[\"https:\/\/www.repuestosfuster.com\/blog\/sobre-motores-agricolas-y-normativa-de-emisiones\/\"]}]},{\"@type\":\"ImageObject\",\"inLanguage\":\"es\",\"@id\":\"https:\/\/www.repuestosfuster.com\/blog\/sobre-motores-agricolas-y-normativa-de-emisiones\/#primaryimage\",\"url\":\"https:\/\/www.repuestosfuster.com\/blog\/wp-content\/uploads\/2026\/02\/emisiones.jpg\",\"contentUrl\":\"https:\/\/www.repuestosfuster.com\/blog\/wp-content\/uploads\/2026\/02\/emisiones.jpg\",\"width\":1920,\"height\":460,\"caption\":\"emisiones\"},{\"@type\":\"BreadcrumbList\",\"@id\":\"https:\/\/www.repuestosfuster.com\/blog\/sobre-motores-agricolas-y-normativa-de-emisiones\/#breadcrumb\",\"itemListElement\":[{\"@type\":\"ListItem\",\"position\":1,\"name\":\"Inicio\",\"item\":\"https:\/\/www.repuestosfuster.com\/blog\/\"},{\"@type\":\"ListItem\",\"position\":2,\"name\":\"Sobre motores agr\u00edcolas y normativa de emisiones\"}]},{\"@type\":\"WebSite\",\"@id\":\"https:\/\/www.repuestosfuster.com\/blog\/#website\",\"url\":\"https:\/\/www.repuestosfuster.com\/blog\/\",\"name\":\"Repuestos Fuster Blog\",\"description\":\"Tu blog de agricultura y tractores\",\"publisher\":{\"@id\":\"https:\/\/www.repuestosfuster.com\/blog\/#organization\"},\"potentialAction\":[{\"@type\":\"SearchAction\",\"target\":{\"@type\":\"EntryPoint\",\"urlTemplate\":\"https:\/\/www.repuestosfuster.com\/blog\/?s={search_term_string}\"},\"query-input\":{\"@type\":\"PropertyValueSpecification\",\"valueRequired\":true,\"valueName\":\"search_term_string\"}}],\"inLanguage\":\"es\"},{\"@type\":\"Organization\",\"@id\":\"https:\/\/www.repuestosfuster.com\/blog\/#organization\",\"name\":\"Repuestos Fuster\",\"url\":\"https:\/\/www.repuestosfuster.com\/blog\/\",\"logo\":{\"@type\":\"ImageObject\",\"inLanguage\":\"es\",\"@id\":\"https:\/\/www.repuestosfuster.com\/blog\/#\/schema\/logo\/image\/\",\"url\":\"https:\/\/www.repuestosfuster.com\/blog\/wp-content\/uploads\/2017\/03\/logo-fuster.png\",\"contentUrl\":\"https:\/\/www.repuestosfuster.com\/blog\/wp-content\/uploads\/2017\/03\/logo-fuster.png\",\"width\":300,\"height\":120,\"caption\":\"Repuestos Fuster\"},\"image\":{\"@id\":\"https:\/\/www.repuestosfuster.com\/blog\/#\/schema\/logo\/image\/\"}},{\"@type\":\"Person\",\"@id\":\"https:\/\/www.repuestosfuster.com\/blog\/#\/schema\/person\/96301f462c55228d9d330690c83db2b3\",\"name\":\"FUSTER\",\"image\":{\"@type\":\"ImageObject\",\"inLanguage\":\"es\",\"@id\":\"https:\/\/secure.gravatar.com\/avatar\/00201df07a21b34b695826e786430d6bd01ef7530dd6745786b4e32666a277e4?s=96&d=mm&r=g\",\"url\":\"https:\/\/secure.gravatar.com\/avatar\/00201df07a21b34b695826e786430d6bd01ef7530dd6745786b4e32666a277e4?s=96&d=mm&r=g\",\"contentUrl\":\"https:\/\/secure.gravatar.com\/avatar\/00201df07a21b34b695826e786430d6bd01ef7530dd6745786b4e32666a277e4?s=96&d=mm&r=g\",\"caption\":\"FUSTER\"},\"description\":\"Repuestos Fuster es un fabricante de recambios para tractores cuyo principal objetivo es la producci\u00f3n rigurosa y garantizada de repuestos con la misma calidad que la pieza original a un precio m\u00e1s econ\u00f3mico.\",\"sameAs\":[\"http:\/\/www.repuestosfuster.com\/\"]}]}<\/script>\n<!-- \/ Yoast SEO plugin. -->","yoast_head_json":{"title":"Sobre motores agr\u00edcolas y normativa de emisiones","description":"Con el paso de las d\u00e9cadas, los motores de la maquinaria agr\u00edcola se han tenido que adaptar a las diferentes normativas sobre emisiones.","robots":{"index":"index","follow":"follow","max-snippet":"max-snippet:-1","max-image-preview":"max-image-preview:large","max-video-preview":"max-video-preview:-1"},"canonical":"https:\/\/www.repuestosfuster.com\/blog\/sobre-motores-agricolas-y-normativa-de-emisiones\/","og_locale":"es_ES","og_type":"article","og_title":"Sobre motores agr\u00edcolas y normativa de emisiones","og_description":"Con el paso de las d\u00e9cadas, los motores de la maquinaria agr\u00edcola se han tenido que adaptar a las diferentes normativas sobre emisiones.","og_url":"https:\/\/www.repuestosfuster.com\/blog\/sobre-motores-agricolas-y-normativa-de-emisiones\/","og_site_name":"BLOG","article_published_time":"2026-04-22T05:00:00+00:00","og_image":[{"width":1920,"height":460,"url":"https:\/\/www.repuestosfuster.com\/blog\/wp-content\/uploads\/2026\/02\/emisiones.jpg","type":"image\/jpeg"}],"author":"FUSTER","twitter_card":"summary_large_image","twitter_misc":{"Escrito por":"FUSTER","Tiempo de lectura":"4 minutos"},"schema":{"@context":"https:\/\/schema.org","@graph":[{"@type":"Article","@id":"https:\/\/www.repuestosfuster.com\/blog\/sobre-motores-agricolas-y-normativa-de-emisiones\/#article","isPartOf":{"@id":"https:\/\/www.repuestosfuster.com\/blog\/sobre-motores-agricolas-y-normativa-de-emisiones\/"},"author":{"name":"FUSTER","@id":"https:\/\/www.repuestosfuster.com\/blog\/#\/schema\/person\/96301f462c55228d9d330690c83db2b3"},"headline":"Sobre motores agr\u00edcolas y normativa de emisiones","datePublished":"2026-04-22T05:00:00+00:00","mainEntityOfPage":{"@id":"https:\/\/www.repuestosfuster.com\/blog\/sobre-motores-agricolas-y-normativa-de-emisiones\/"},"wordCount":702,"commentCount":0,"publisher":{"@id":"https:\/\/www.repuestosfuster.com\/blog\/#organization"},"image":{"@id":"https:\/\/www.repuestosfuster.com\/blog\/sobre-motores-agricolas-y-normativa-de-emisiones\/#primaryimage"},"thumbnailUrl":"https:\/\/www.repuestosfuster.com\/blog\/wp-content\/uploads\/2026\/02\/emisiones.jpg","articleSection":["El tractor"],"inLanguage":"es","potentialAction":[{"@type":"CommentAction","name":"Comment","target":["https:\/\/www.repuestosfuster.com\/blog\/sobre-motores-agricolas-y-normativa-de-emisiones\/#respond"]}]},{"@type":"WebPage","@id":"https:\/\/www.repuestosfuster.com\/blog\/sobre-motores-agricolas-y-normativa-de-emisiones\/","url":"https:\/\/www.repuestosfuster.com\/blog\/sobre-motores-agricolas-y-normativa-de-emisiones\/","name":"Sobre motores agr\u00edcolas y normativa de emisiones","isPartOf":{"@id":"https:\/\/www.repuestosfuster.com\/blog\/#website"},"primaryImageOfPage":{"@id":"https:\/\/www.repuestosfuster.com\/blog\/sobre-motores-agricolas-y-normativa-de-emisiones\/#primaryimage"},"image":{"@id":"https:\/\/www.repuestosfuster.com\/blog\/sobre-motores-agricolas-y-normativa-de-emisiones\/#primaryimage"},"thumbnailUrl":"https:\/\/www.repuestosfuster.com\/blog\/wp-content\/uploads\/2026\/02\/emisiones.jpg","datePublished":"2026-04-22T05:00:00+00:00","description":"Con el paso de las d\u00e9cadas, los motores de la maquinaria agr\u00edcola se han tenido que adaptar a las diferentes normativas sobre emisiones.","breadcrumb":{"@id":"https:\/\/www.repuestosfuster.com\/blog\/sobre-motores-agricolas-y-normativa-de-emisiones\/#breadcrumb"},"inLanguage":"es","potentialAction":[{"@type":"ReadAction","target":["https:\/\/www.repuestosfuster.com\/blog\/sobre-motores-agricolas-y-normativa-de-emisiones\/"]}]},{"@type":"ImageObject","inLanguage":"es","@id":"https:\/\/www.repuestosfuster.com\/blog\/sobre-motores-agricolas-y-normativa-de-emisiones\/#primaryimage","url":"https:\/\/www.repuestosfuster.com\/blog\/wp-content\/uploads\/2026\/02\/emisiones.jpg","contentUrl":"https:\/\/www.repuestosfuster.com\/blog\/wp-content\/uploads\/2026\/02\/emisiones.jpg","width":1920,"height":460,"caption":"emisiones"},{"@type":"BreadcrumbList","@id":"https:\/\/www.repuestosfuster.com\/blog\/sobre-motores-agricolas-y-normativa-de-emisiones\/#breadcrumb","itemListElement":[{"@type":"ListItem","position":1,"name":"Inicio","item":"https:\/\/www.repuestosfuster.com\/blog\/"},{"@type":"ListItem","position":2,"name":"Sobre motores agr\u00edcolas y normativa de emisiones"}]},{"@type":"WebSite","@id":"https:\/\/www.repuestosfuster.com\/blog\/#website","url":"https:\/\/www.repuestosfuster.com\/blog\/","name":"Repuestos Fuster Blog","description":"Tu blog de agricultura y tractores","publisher":{"@id":"https:\/\/www.repuestosfuster.com\/blog\/#organization"},"potentialAction":[{"@type":"SearchAction","target":{"@type":"EntryPoint","urlTemplate":"https:\/\/www.repuestosfuster.com\/blog\/?s={search_term_string}"},"query-input":{"@type":"PropertyValueSpecification","valueRequired":true,"valueName":"search_term_string"}}],"inLanguage":"es"},{"@type":"Organization","@id":"https:\/\/www.repuestosfuster.com\/blog\/#organization","name":"Repuestos Fuster","url":"https:\/\/www.repuestosfuster.com\/blog\/","logo":{"@type":"ImageObject","inLanguage":"es","@id":"https:\/\/www.repuestosfuster.com\/blog\/#\/schema\/logo\/image\/","url":"https:\/\/www.repuestosfuster.com\/blog\/wp-content\/uploads\/2017\/03\/logo-fuster.png","contentUrl":"https:\/\/www.repuestosfuster.com\/blog\/wp-content\/uploads\/2017\/03\/logo-fuster.png","width":300,"height":120,"caption":"Repuestos Fuster"},"image":{"@id":"https:\/\/www.repuestosfuster.com\/blog\/#\/schema\/logo\/image\/"}},{"@type":"Person","@id":"https:\/\/www.repuestosfuster.com\/blog\/#\/schema\/person\/96301f462c55228d9d330690c83db2b3","name":"FUSTER","image":{"@type":"ImageObject","inLanguage":"es","@id":"https:\/\/secure.gravatar.com\/avatar\/00201df07a21b34b695826e786430d6bd01ef7530dd6745786b4e32666a277e4?s=96&d=mm&r=g","url":"https:\/\/secure.gravatar.com\/avatar\/00201df07a21b34b695826e786430d6bd01ef7530dd6745786b4e32666a277e4?s=96&d=mm&r=g","contentUrl":"https:\/\/secure.gravatar.com\/avatar\/00201df07a21b34b695826e786430d6bd01ef7530dd6745786b4e32666a277e4?s=96&d=mm&r=g","caption":"FUSTER"},"description":"Repuestos Fuster es un fabricante de recambios para tractores cuyo principal objetivo es la producci\u00f3n rigurosa y garantizada de repuestos con la misma calidad que la pieza original a un precio m\u00e1s econ\u00f3mico.","sameAs":["http:\/\/www.repuestosfuster.com\/"]}]}},"jetpack_publicize_connections":[],"jetpack_featured_media_url":"https:\/\/www.repuestosfuster.com\/blog\/wp-content\/uploads\/2026\/02\/emisiones.jpg","jetpack_sharing_enabled":true,"jetpack_shortlink":"https:\/\/wp.me\/p8NulZ-Z5","jetpack-related-posts":[],"_links":{"self":[{"href":"https:\/\/www.repuestosfuster.com\/blog\/wp-json\/wp\/v2\/posts\/3787","targetHints":{"allow":["GET"]}}],"collection":[{"href":"https:\/\/www.repuestosfuster.com\/blog\/wp-json\/wp\/v2\/posts"}],"about":[{"href":"https:\/\/www.repuestosfuster.com\/blog\/wp-json\/wp\/v2\/types\/post"}],"author":[{"embeddable":true,"href":"https:\/\/www.repuestosfuster.com\/blog\/wp-json\/wp\/v2\/users\/1"}],"replies":[{"embeddable":true,"href":"https:\/\/www.repuestosfuster.com\/blog\/wp-json\/wp\/v2\/comments?post=3787"}],"version-history":[{"count":2,"href":"https:\/\/www.repuestosfuster.com\/blog\/wp-json\/wp\/v2\/posts\/3787\/revisions"}],"predecessor-version":[{"id":3791,"href":"https:\/\/www.repuestosfuster.com\/blog\/wp-json\/wp\/v2\/posts\/3787\/revisions\/3791"}],"wp:featuredmedia":[{"embeddable":true,"href":"https:\/\/www.repuestosfuster.com\/blog\/wp-json\/wp\/v2\/media\/3790"}],"wp:attachment":[{"href":"https:\/\/www.repuestosfuster.com\/blog\/wp-json\/wp\/v2\/media?parent=3787"}],"wp:term":[{"taxonomy":"category","embeddable":true,"href":"https:\/\/www.repuestosfuster.com\/blog\/wp-json\/wp\/v2\/categories?post=3787"},{"taxonomy":"post_tag","embeddable":true,"href":"https:\/\/www.repuestosfuster.com\/blog\/wp-json\/wp\/v2\/tags?post=3787"}],"curies":[{"name":"wp","href":"https:\/\/api.w.org\/{rel}","templated":true}]}}