{"id":3551,"date":"2025-09-03T11:38:00","date_gmt":"2025-09-03T09:38:00","guid":{"rendered":"https:\/\/www.repuestosfuster.com\/blog\/?p=3551"},"modified":"2025-09-03T11:47:02","modified_gmt":"2025-09-03T09:47:02","slug":"que-tiene-que-ver-la-agricultura-con-la-sexta-extincion-masiva","status":"publish","type":"post","link":"https:\/\/www.repuestosfuster.com\/blog\/que-tiene-que-ver-la-agricultura-con-la-sexta-extincion-masiva\/","title":{"rendered":"La agricultura y la sexta extinci\u00f3n masiva"},"content":{"rendered":"\n<p>La&nbsp;<strong>sexta extinci\u00f3n masiva<\/strong>&nbsp;es un t\u00e9rmino que se utiliza para describir la desaparici\u00f3n acelerada de especies animales y vegetales que se est\u00e1 produciendo en la actualidad. A diferencia de las cinco extinciones masivas anteriores, causadas por fen\u00f3menos naturales como impactos de meteoritos o erupciones volc\u00e1nicas, esta tiene un <strong>origen principalmente humano<\/strong>. La deforestaci\u00f3n, la sobreexplotaci\u00f3n de recursos, la contaminaci\u00f3n, el cambio clim\u00e1tico y determinadas pr\u00e1cticas productivas est\u00e1n provocando un ritmo de p\u00e9rdida de biodiversidad sin precedentes en la historia moderna.<\/p>\n\n\n\n<h3 class=\"wp-block-heading\"><strong>\u00bfQu\u00e9 es una extinci\u00f3n masiva?<\/strong><\/h3>\n\n\n\n<p>En biolog\u00eda, se habla de <strong>extinci\u00f3n masiva<\/strong> cuando m\u00e1s del 75 % de las especies del planeta desaparecen en un periodo geol\u00f3gicamente corto. Hasta ahora, la Tierra ha vivido <strong>cinco<\/strong> de estos episodios, el m\u00e1s conocido de ellos el que puso fin a los dinosaurios hace 66 millones de a\u00f1os. Cada uno de estos eventos supuso una reorganizaci\u00f3n completa de los ecosistemas, con consecuencias que se prolongaron durante <strong>millones de a\u00f1os<\/strong>.<\/p>\n\n\n\n<p>Hoy en d\u00eda, los cient\u00edficos advierten que se est\u00e1 viviendo una <strong>sexta extinci\u00f3n masiva<\/strong>, pero con la particularidad de que esta no responde a un fen\u00f3meno natural inevitable, sino a la <strong>actividad humana<\/strong>. La velocidad actual de desaparici\u00f3n de especies es entre 100 y 1000 veces superior a la tasa natural de extinci\u00f3n, lo que pone de manifiesto la magnitud del problema.<\/p>\n\n\n\n<h3 class=\"wp-block-heading\"><strong>La sexta extinci\u00f3n masiva y la agricultura<\/strong><\/h3>\n\n\n\n<p>La <strong>agricultura<\/strong> desempe\u00f1a un papel central en este proceso. Desde hace siglos, la expansi\u00f3n agr\u00edcola ha sido una de las principales causas de p\u00e9rdida de biodiversidad. La transformaci\u00f3n de bosques, humedales y praderas en <strong>tierras de cultivo<\/strong> ha reducido los h\u00e1bitats naturales de numerosas especies. En particular, la deforestaci\u00f3n de \u00e1reas tropicales para el cultivo de soja, palma o pastos para la <strong>ganader\u00eda intensiva<\/strong> est\u00e1 considerada uno de los motores m\u00e1s potentes de esta sexta extinci\u00f3n masiva.<\/p>\n\n\n\n<p>Adem\u00e1s de la p\u00e9rdida de h\u00e1bitats, el uso de <strong>pesticidas<\/strong> y <a href=\"https:\/\/www.repuestosfuster.com\/blog\/fertilizantes-tipos-y-caracteristicas\/\" target=\"_blank\" rel=\"noreferrer noopener\"><mark style=\"background-color:rgba(0, 0, 0, 0)\" class=\"has-inline-color has-luminous-vivid-orange-color\">fertilizantes<\/mark><\/a> qu\u00edmicos tiene un fuerte impacto en la fauna silvestre. Los polinizadores, como <a href=\"https:\/\/www.repuestosfuster.com\/blog\/proteger-a-las-abejas\/\" target=\"_blank\" rel=\"noreferrer noopener\"><mark style=\"background-color:rgba(0, 0, 0, 0)\" class=\"has-inline-color has-luminous-vivid-orange-color\">abejas<\/mark><\/a> y mariposas, se ven especialmente afectados por estas sustancias, lo que no solo amenaza la <strong>biodiversidad<\/strong>, sino que tambi\u00e9n repercute en la propia agricultura, que depende en gran medida de la polinizaci\u00f3n natural.<\/p>\n\n\n\n<p>El <strong>monocultivo extensivo<\/strong> es otro de los factores relacionados con la agricultura que contribuyen a este proceso. Al homogeneizar los paisajes agr\u00edcolas y reducir la diversidad de cultivos, se limitan los <strong>recursos<\/strong> disponibles para muchas especies alterando as\u00ed los ecosistemas locales.<\/p>\n\n\n\n<hr class=\"wp-block-separator has-text-color has-alpha-channel-opacity has-background\" style=\"background-color:#ffffff00;color:#ffffff00\"\/>\n\n\n\n<figure class=\"wp-block-image size-full\"><img loading=\"lazy\" decoding=\"async\" width=\"850\" height=\"531\" data-attachment-id=\"3555\" data-permalink=\"https:\/\/www.repuestosfuster.com\/blog\/que-tiene-que-ver-la-agricultura-con-la-sexta-extincion-masiva\/sexta_extension_masiva_tractor\/\" data-orig-file=\"https:\/\/www.repuestosfuster.com\/blog\/wp-content\/uploads\/2025\/09\/sexta_extension_masiva_tractor.jpg\" data-orig-size=\"850,531\" data-comments-opened=\"1\" data-image-meta=\"{&quot;aperture&quot;:&quot;0&quot;,&quot;credit&quot;:&quot;&quot;,&quot;camera&quot;:&quot;&quot;,&quot;caption&quot;:&quot;&quot;,&quot;created_timestamp&quot;:&quot;0&quot;,&quot;copyright&quot;:&quot;&quot;,&quot;focal_length&quot;:&quot;0&quot;,&quot;iso&quot;:&quot;0&quot;,&quot;shutter_speed&quot;:&quot;0&quot;,&quot;title&quot;:&quot;&quot;,&quot;orientation&quot;:&quot;0&quot;}\" data-image-title=\"sexta_extensi\u00f3n_masiva_tractor\" data-image-description=\"\" data-image-caption=\"\" data-medium-file=\"https:\/\/www.repuestosfuster.com\/blog\/wp-content\/uploads\/2025\/09\/sexta_extension_masiva_tractor-300x187.jpg\" data-large-file=\"https:\/\/www.repuestosfuster.com\/blog\/wp-content\/uploads\/2025\/09\/sexta_extension_masiva_tractor.jpg\" src=\"http:\/\/www.repuestosfuster.com\/blog\/wp-content\/uploads\/2025\/09\/sexta_extension_masiva_tractor.jpg\" alt=\"Sexta extinci\u00f3n masiva\" class=\"wp-image-3555\" srcset=\"https:\/\/www.repuestosfuster.com\/blog\/wp-content\/uploads\/2025\/09\/sexta_extension_masiva_tractor.jpg 850w, https:\/\/www.repuestosfuster.com\/blog\/wp-content\/uploads\/2025\/09\/sexta_extension_masiva_tractor-300x187.jpg 300w, https:\/\/www.repuestosfuster.com\/blog\/wp-content\/uploads\/2025\/09\/sexta_extension_masiva_tractor-768x480.jpg 768w\" sizes=\"auto, (max-width: 599px) calc(100vw - 50px), (max-width: 767px) calc(100vw - 70px), (max-width: 991px) 429px, (max-width: 1199px) 637px, 354px\" \/><\/figure>\n\n\n\n<h3 class=\"wp-block-heading\"><strong>Impacto de la sexta extinci\u00f3n masiva en la agricultura<\/strong><\/h3>\n\n\n\n<p>La relaci\u00f3n entre la agricultura y la sexta extinci\u00f3n masiva no es unidireccional. La p\u00e9rdida de biodiversidad tambi\u00e9n afecta al propio sector agr\u00edcola. En este sentido, la desaparici\u00f3n de <strong>polinizadores<\/strong>, la reducci\u00f3n de la <strong>fertilidad natural del suelo<\/strong> por la p\u00e9rdida de microorganismos y la <strong>degradaci\u00f3n de los ecosistemas<\/strong> generan riesgos para la producci\u00f3n de alimentos.<\/p>\n\n\n\n<p>Los suelos, por ejemplo, dependen de una amplia comunidad de bacterias, hongos e invertebrados que reciclan nutrientes y mejoran su estructura. La disminuci\u00f3n de esta <strong>biodiversidad ed\u00e1fica<\/strong> compromete la productividad a largo plazo. De igual modo, la desaparici\u00f3n de especies silvestres que act\u00faan como controladores naturales de <a href=\"https:\/\/www.repuestosfuster.com\/blog\/plagas-y-enfermedades-en-agricultura\/\" target=\"_blank\" rel=\"noreferrer noopener\"><mark style=\"background-color:rgba(0, 0, 0, 0)\" class=\"has-inline-color has-luminous-vivid-orange-color\">plagas<\/mark><\/a> aumenta la dependencia de productos qu\u00edmicos, lo que perpet\u00faa un c\u00edrculo de impactos negativos tanto en el medio ambiente como en la agricultura misma.<\/p>\n\n\n\n<p>Por otra parte, los efectos del <a href=\"https:\/\/www.repuestosfuster.com\/blog\/biotecnologia-y-cultivos-resistentes-al-cambio-climatico\/\" target=\"_blank\" rel=\"noreferrer noopener\"><mark style=\"background-color:rgba(0, 0, 0, 0)\" class=\"has-inline-color has-luminous-vivid-orange-color\">cambio clim\u00e1tico<\/mark><\/a> (estrechamente relacionados con la p\u00e9rdida de biodiversidad) generan fen\u00f3menos extremos que afectan directamente a los cultivos, como sequ\u00edas m\u00e1s prolongadas, olas de calor o precipitaciones torrenciales. En este sentido, la <strong>sexta extinci\u00f3n masiva<\/strong> y el deterioro ambiental asociado suponen un reto creciente para la seguridad alimentaria mundial.<\/p>\n\n\n\n<h3 class=\"wp-block-heading\"><strong>Agricultura sostenible como respuesta<\/strong><\/h3>\n\n\n\n<p>Frente a este panorama, la <strong>agricultura sostenible<\/strong> se presenta como una herramienta clave para frenar el avance de la sexta extinci\u00f3n masiva. Pr\u00e1cticas como la rotaci\u00f3n de cultivos, la agroecolog\u00eda, la reducci\u00f3n del uso de agroqu\u00edmicos o la protecci\u00f3n de h\u00e1bitats naturales dentro de las explotaciones contribuyen a mitigar el impacto. La integraci\u00f3n de setos, corredores biol\u00f3gicos y \u00e1reas de refugio para la fauna en los sistemas productivos tambi\u00e9n ayuda a <strong>conservar la biodiversidad<\/strong>.<\/p>\n\n\n\n<p>La innovaci\u00f3n tecnol\u00f3gica ofrece, asimismo, oportunidades para reducir la presi\u00f3n de la agricultura sobre el medio ambiente. El <a href=\"https:\/\/www.repuestosfuster.com\/blog\/sistemas-de-riego-inteligente-la-nueva-gestion-del-agua\/\" target=\"_blank\" rel=\"noreferrer noopener\"><mark style=\"background-color:rgba(0, 0, 0, 0)\" class=\"has-inline-color has-luminous-vivid-orange-color\">riego eficiente<\/mark><\/a>, el uso de fertilizantes de liberaci\u00f3n controlada y la digitalizaci\u00f3n de procesos permiten optimizar recursos y disminuir el impacto ecol\u00f3gico de las explotaciones agr\u00edcolas.<\/p>\n\n\n\n<h3 class=\"wp-block-heading\"><strong>Conclusi\u00f3n<\/strong><\/h3>\n\n\n\n<p>La&nbsp;<strong>sexta extinci\u00f3n masiva<\/strong>&nbsp;es uno de los mayores desaf\u00edos ambientales de nuestro tiempo y la agricultura se encuentra en el centro de este problema. Sin embargo, tambi\u00e9n tiene en sus manos gran parte de la soluci\u00f3n. Adaptar las pr\u00e1cticas agr\u00edcolas hacia modelos m\u00e1s <strong>sostenibles<\/strong> no solo ayudar\u00e1 a proteger la biodiversidad, sino que garantizar\u00e1 la viabilidad de la producci\u00f3n de alimentos para las pr\u00f3ximas generaciones.<\/p>\n\n\n\n<hr class=\"wp-block-separator has-text-color has-alpha-channel-opacity has-background\" style=\"background-color:#ffffff00;color:#ffffff00\"\/>\n\n\n\n<p>Imagen principal de <a href=\"https:\/\/www.flickr.com\/photos\/cseward\/2919555653\/\" target=\"_blank\" rel=\"noreferrer noopener\">Chris Seward<\/a>.<\/p>\n\n\n\n<p>Imagen central de <a href=\"https:\/\/www.flickr.com\/photos\/diocrio\/49710598858\/\" target=\"_blank\" rel=\"noreferrer noopener\">\u00c1ngel de los R\u00edos<\/a>.<\/p>\n\n\n\n<p><\/p>\n\n\n<div class=\"kk-star-ratings kksr-auto kksr-align-left kksr-valign-bottom\"\n    data-payload='{&quot;align&quot;:&quot;left&quot;,&quot;id&quot;:&quot;3551&quot;,&quot;slug&quot;:&quot;default&quot;,&quot;valign&quot;:&quot;bottom&quot;,&quot;ignore&quot;:&quot;&quot;,&quot;reference&quot;:&quot;auto&quot;,&quot;class&quot;:&quot;&quot;,&quot;count&quot;:&quot;0&quot;,&quot;legendonly&quot;:&quot;&quot;,&quot;readonly&quot;:&quot;&quot;,&quot;score&quot;:&quot;0&quot;,&quot;starsonly&quot;:&quot;&quot;,&quot;best&quot;:&quot;5&quot;,&quot;gap&quot;:&quot;5&quot;,&quot;greet&quot;:&quot;Rate this post&quot;,&quot;legend&quot;:&quot;0\\\/5 - (0 votos)&quot;,&quot;size&quot;:&quot;24&quot;,&quot;title&quot;:&quot;La agricultura y la sexta extinci\u00f3n masiva&quot;,&quot;width&quot;:&quot;0&quot;,&quot;_legend&quot;:&quot;{score}\\\/{best} - ({count} {votes})&quot;,&quot;font_factor&quot;:&quot;1.25&quot;}'>\n            \n<div class=\"kksr-stars\">\n    \n<div class=\"kksr-stars-inactive\">\n            <div class=\"kksr-star\" data-star=\"1\" style=\"padding-right: 5px\">\n            \n\n<div class=\"kksr-icon\" style=\"width: 24px; height: 24px;\"><\/div>\n        <\/div>\n            <div class=\"kksr-star\" data-star=\"2\" style=\"padding-right: 5px\">\n            \n\n<div class=\"kksr-icon\" style=\"width: 24px; height: 24px;\"><\/div>\n        <\/div>\n            <div class=\"kksr-star\" data-star=\"3\" style=\"padding-right: 5px\">\n            \n\n<div class=\"kksr-icon\" style=\"width: 24px; height: 24px;\"><\/div>\n        <\/div>\n            <div class=\"kksr-star\" data-star=\"4\" style=\"padding-right: 5px\">\n            \n\n<div class=\"kksr-icon\" style=\"width: 24px; height: 24px;\"><\/div>\n        <\/div>\n            <div class=\"kksr-star\" data-star=\"5\" style=\"padding-right: 5px\">\n            \n\n<div class=\"kksr-icon\" style=\"width: 24px; height: 24px;\"><\/div>\n        <\/div>\n    <\/div>\n    \n<div class=\"kksr-stars-active\" style=\"width: 0px;\">\n            <div class=\"kksr-star\" style=\"padding-right: 5px\">\n            \n\n<div class=\"kksr-icon\" style=\"width: 24px; height: 24px;\"><\/div>\n        <\/div>\n            <div class=\"kksr-star\" style=\"padding-right: 5px\">\n            \n\n<div class=\"kksr-icon\" style=\"width: 24px; height: 24px;\"><\/div>\n        <\/div>\n            <div class=\"kksr-star\" style=\"padding-right: 5px\">\n            \n\n<div class=\"kksr-icon\" style=\"width: 24px; height: 24px;\"><\/div>\n        <\/div>\n            <div class=\"kksr-star\" style=\"padding-right: 5px\">\n            \n\n<div class=\"kksr-icon\" style=\"width: 24px; height: 24px;\"><\/div>\n        <\/div>\n            <div class=\"kksr-star\" style=\"padding-right: 5px\">\n            \n\n<div class=\"kksr-icon\" style=\"width: 24px; height: 24px;\"><\/div>\n        <\/div>\n    <\/div>\n<\/div>\n                \n\n<div class=\"kksr-legend\" style=\"font-size: 19.2px;\">\n            <span class=\"kksr-muted\">Rate this post<\/span>\n    <\/div>\n    <\/div>\n","protected":false},"excerpt":{"rendered":"<p>La sexta extinci\u00f3n masiva parece avanzar a ojos vista y la agricultura juega un papel clave en ella. <\/p>\n<a href=\"https:\/\/www.repuestosfuster.com\/blog\/que-tiene-que-ver-la-agricultura-con-la-sexta-extincion-masiva\/\" class=\"read-more-link\">Continua leyendo <span class=\"screen-reader-text\">\"La agricultura y la sexta extinci\u00f3n masiva\"<\/span> <span class=\"meta-nav\">&rarr;<\/span><\/a>","protected":false},"author":1,"featured_media":3553,"comment_status":"open","ping_status":"open","sticky":false,"template":"","format":"standard","meta":{"_monsterinsights_skip_tracking":false,"_monsterinsights_sitenote_active":false,"_monsterinsights_sitenote_note":"","_monsterinsights_sitenote_category":0,"jetpack_post_was_ever_published":false,"_jetpack_newsletter_access":"","_jetpack_dont_email_post_to_subs":false,"_jetpack_newsletter_tier_id":0,"_jetpack_memberships_contains_paywalled_content":false,"_jetpack_memberships_contains_paid_content":false,"footnotes":"","jetpack_publicize_message":"","jetpack_publicize_feature_enabled":true,"jetpack_social_post_already_shared":true,"jetpack_social_options":{"image_generator_settings":{"template":"highway","default_image_id":0,"font":"","enabled":false},"version":2}},"categories":[1],"tags":[],"class_list":["post-3551","post","type-post","status-publish","format-standard","has-post-thumbnail","hentry","category-noticias","penguin-post","penguin-post-not-sticky"],"yoast_head":"<!-- This site is optimized with the Yoast SEO plugin v27.2 - https:\/\/yoast.com\/product\/yoast-seo-wordpress\/ -->\n<title>La agricultura y la sexta extinci\u00f3n masiva<\/title>\n<meta name=\"description\" content=\"La sexta extinci\u00f3n masiva parece avanzar a ojos vista y la agricultura juega un papel clave en ella. Veamos por qu\u00e9.\" \/>\n<meta name=\"robots\" content=\"index, follow, max-snippet:-1, max-image-preview:large, max-video-preview:-1\" \/>\n<link rel=\"canonical\" href=\"https:\/\/www.repuestosfuster.com\/blog\/que-tiene-que-ver-la-agricultura-con-la-sexta-extincion-masiva\/\" \/>\n<meta property=\"og:locale\" content=\"es_ES\" \/>\n<meta property=\"og:type\" content=\"article\" \/>\n<meta property=\"og:title\" content=\"La agricultura y la sexta extinci\u00f3n masiva\" \/>\n<meta property=\"og:description\" content=\"La sexta extinci\u00f3n masiva parece avanzar a ojos vista y la agricultura juega un papel clave en ella. Veamos por qu\u00e9.\" \/>\n<meta property=\"og:url\" content=\"https:\/\/www.repuestosfuster.com\/blog\/que-tiene-que-ver-la-agricultura-con-la-sexta-extincion-masiva\/\" \/>\n<meta property=\"og:site_name\" content=\"BLOG\" \/>\n<meta property=\"article:published_time\" content=\"2025-09-03T09:38:00+00:00\" \/>\n<meta property=\"article:modified_time\" content=\"2025-09-03T09:47:02+00:00\" \/>\n<meta property=\"og:image\" content=\"http:\/\/www.repuestosfuster.com\/blog\/wp-content\/uploads\/2025\/09\/sexta_extincion_masiva_agricultura_intensiva.jpg\" \/>\n\t<meta property=\"og:image:width\" content=\"1920\" \/>\n\t<meta property=\"og:image:height\" content=\"460\" \/>\n\t<meta property=\"og:image:type\" content=\"image\/jpeg\" \/>\n<meta name=\"author\" content=\"FUSTER\" \/>\n<meta name=\"twitter:card\" content=\"summary_large_image\" \/>\n<meta name=\"twitter:label1\" content=\"Escrito por\" \/>\n\t<meta name=\"twitter:data1\" content=\"FUSTER\" \/>\n\t<meta name=\"twitter:label2\" content=\"Tiempo de lectura\" \/>\n\t<meta name=\"twitter:data2\" content=\"5 minutos\" \/>\n<script type=\"application\/ld+json\" class=\"yoast-schema-graph\">{\"@context\":\"https:\/\/schema.org\",\"@graph\":[{\"@type\":\"Article\",\"@id\":\"https:\/\/www.repuestosfuster.com\/blog\/que-tiene-que-ver-la-agricultura-con-la-sexta-extincion-masiva\/#article\",\"isPartOf\":{\"@id\":\"https:\/\/www.repuestosfuster.com\/blog\/que-tiene-que-ver-la-agricultura-con-la-sexta-extincion-masiva\/\"},\"author\":{\"name\":\"FUSTER\",\"@id\":\"https:\/\/www.repuestosfuster.com\/blog\/#\/schema\/person\/96301f462c55228d9d330690c83db2b3\"},\"headline\":\"La agricultura y la sexta extinci\u00f3n masiva\",\"datePublished\":\"2025-09-03T09:38:00+00:00\",\"dateModified\":\"2025-09-03T09:47:02+00:00\",\"mainEntityOfPage\":{\"@id\":\"https:\/\/www.repuestosfuster.com\/blog\/que-tiene-que-ver-la-agricultura-con-la-sexta-extincion-masiva\/\"},\"wordCount\":900,\"commentCount\":2,\"publisher\":{\"@id\":\"https:\/\/www.repuestosfuster.com\/blog\/#organization\"},\"image\":{\"@id\":\"https:\/\/www.repuestosfuster.com\/blog\/que-tiene-que-ver-la-agricultura-con-la-sexta-extincion-masiva\/#primaryimage\"},\"thumbnailUrl\":\"https:\/\/www.repuestosfuster.com\/blog\/wp-content\/uploads\/2025\/09\/sexta_extincion_masiva_agricultura_intensiva.jpg\",\"articleSection\":[\"Noticias\"],\"inLanguage\":\"es\",\"potentialAction\":[{\"@type\":\"CommentAction\",\"name\":\"Comment\",\"target\":[\"https:\/\/www.repuestosfuster.com\/blog\/que-tiene-que-ver-la-agricultura-con-la-sexta-extincion-masiva\/#respond\"]}]},{\"@type\":\"WebPage\",\"@id\":\"https:\/\/www.repuestosfuster.com\/blog\/que-tiene-que-ver-la-agricultura-con-la-sexta-extincion-masiva\/\",\"url\":\"https:\/\/www.repuestosfuster.com\/blog\/que-tiene-que-ver-la-agricultura-con-la-sexta-extincion-masiva\/\",\"name\":\"La agricultura y la sexta extinci\u00f3n masiva\",\"isPartOf\":{\"@id\":\"https:\/\/www.repuestosfuster.com\/blog\/#website\"},\"primaryImageOfPage\":{\"@id\":\"https:\/\/www.repuestosfuster.com\/blog\/que-tiene-que-ver-la-agricultura-con-la-sexta-extincion-masiva\/#primaryimage\"},\"image\":{\"@id\":\"https:\/\/www.repuestosfuster.com\/blog\/que-tiene-que-ver-la-agricultura-con-la-sexta-extincion-masiva\/#primaryimage\"},\"thumbnailUrl\":\"https:\/\/www.repuestosfuster.com\/blog\/wp-content\/uploads\/2025\/09\/sexta_extincion_masiva_agricultura_intensiva.jpg\",\"datePublished\":\"2025-09-03T09:38:00+00:00\",\"dateModified\":\"2025-09-03T09:47:02+00:00\",\"description\":\"La sexta extinci\u00f3n masiva parece avanzar a ojos vista y la agricultura juega un papel clave en ella. Veamos por qu\u00e9.\",\"breadcrumb\":{\"@id\":\"https:\/\/www.repuestosfuster.com\/blog\/que-tiene-que-ver-la-agricultura-con-la-sexta-extincion-masiva\/#breadcrumb\"},\"inLanguage\":\"es\",\"potentialAction\":[{\"@type\":\"ReadAction\",\"target\":[\"https:\/\/www.repuestosfuster.com\/blog\/que-tiene-que-ver-la-agricultura-con-la-sexta-extincion-masiva\/\"]}]},{\"@type\":\"ImageObject\",\"inLanguage\":\"es\",\"@id\":\"https:\/\/www.repuestosfuster.com\/blog\/que-tiene-que-ver-la-agricultura-con-la-sexta-extincion-masiva\/#primaryimage\",\"url\":\"https:\/\/www.repuestosfuster.com\/blog\/wp-content\/uploads\/2025\/09\/sexta_extincion_masiva_agricultura_intensiva.jpg\",\"contentUrl\":\"https:\/\/www.repuestosfuster.com\/blog\/wp-content\/uploads\/2025\/09\/sexta_extincion_masiva_agricultura_intensiva.jpg\",\"width\":1920,\"height\":460,\"caption\":\"Sexta extinci\u00f3n masiva\"},{\"@type\":\"BreadcrumbList\",\"@id\":\"https:\/\/www.repuestosfuster.com\/blog\/que-tiene-que-ver-la-agricultura-con-la-sexta-extincion-masiva\/#breadcrumb\",\"itemListElement\":[{\"@type\":\"ListItem\",\"position\":1,\"name\":\"Inicio\",\"item\":\"https:\/\/www.repuestosfuster.com\/blog\/\"},{\"@type\":\"ListItem\",\"position\":2,\"name\":\"La agricultura y la sexta extinci\u00f3n masiva\"}]},{\"@type\":\"WebSite\",\"@id\":\"https:\/\/www.repuestosfuster.com\/blog\/#website\",\"url\":\"https:\/\/www.repuestosfuster.com\/blog\/\",\"name\":\"Repuestos Fuster Blog\",\"description\":\"Tu blog de agricultura y tractores\",\"publisher\":{\"@id\":\"https:\/\/www.repuestosfuster.com\/blog\/#organization\"},\"potentialAction\":[{\"@type\":\"SearchAction\",\"target\":{\"@type\":\"EntryPoint\",\"urlTemplate\":\"https:\/\/www.repuestosfuster.com\/blog\/?s={search_term_string}\"},\"query-input\":{\"@type\":\"PropertyValueSpecification\",\"valueRequired\":true,\"valueName\":\"search_term_string\"}}],\"inLanguage\":\"es\"},{\"@type\":\"Organization\",\"@id\":\"https:\/\/www.repuestosfuster.com\/blog\/#organization\",\"name\":\"Repuestos Fuster\",\"url\":\"https:\/\/www.repuestosfuster.com\/blog\/\",\"logo\":{\"@type\":\"ImageObject\",\"inLanguage\":\"es\",\"@id\":\"https:\/\/www.repuestosfuster.com\/blog\/#\/schema\/logo\/image\/\",\"url\":\"https:\/\/www.repuestosfuster.com\/blog\/wp-content\/uploads\/2017\/03\/logo-fuster.png\",\"contentUrl\":\"https:\/\/www.repuestosfuster.com\/blog\/wp-content\/uploads\/2017\/03\/logo-fuster.png\",\"width\":300,\"height\":120,\"caption\":\"Repuestos Fuster\"},\"image\":{\"@id\":\"https:\/\/www.repuestosfuster.com\/blog\/#\/schema\/logo\/image\/\"}},{\"@type\":\"Person\",\"@id\":\"https:\/\/www.repuestosfuster.com\/blog\/#\/schema\/person\/96301f462c55228d9d330690c83db2b3\",\"name\":\"FUSTER\",\"image\":{\"@type\":\"ImageObject\",\"inLanguage\":\"es\",\"@id\":\"https:\/\/secure.gravatar.com\/avatar\/00201df07a21b34b695826e786430d6bd01ef7530dd6745786b4e32666a277e4?s=96&d=mm&r=g\",\"url\":\"https:\/\/secure.gravatar.com\/avatar\/00201df07a21b34b695826e786430d6bd01ef7530dd6745786b4e32666a277e4?s=96&d=mm&r=g\",\"contentUrl\":\"https:\/\/secure.gravatar.com\/avatar\/00201df07a21b34b695826e786430d6bd01ef7530dd6745786b4e32666a277e4?s=96&d=mm&r=g\",\"caption\":\"FUSTER\"},\"description\":\"Repuestos Fuster es un fabricante de recambios para tractores cuyo principal objetivo es la producci\u00f3n rigurosa y garantizada de repuestos con la misma calidad que la pieza original a un precio m\u00e1s econ\u00f3mico.\",\"sameAs\":[\"http:\/\/www.repuestosfuster.com\/\"]}]}<\/script>\n<!-- \/ Yoast SEO plugin. -->","yoast_head_json":{"title":"La agricultura y la sexta extinci\u00f3n masiva","description":"La sexta extinci\u00f3n masiva parece avanzar a ojos vista y la agricultura juega un papel clave en ella. Veamos por qu\u00e9.","robots":{"index":"index","follow":"follow","max-snippet":"max-snippet:-1","max-image-preview":"max-image-preview:large","max-video-preview":"max-video-preview:-1"},"canonical":"https:\/\/www.repuestosfuster.com\/blog\/que-tiene-que-ver-la-agricultura-con-la-sexta-extincion-masiva\/","og_locale":"es_ES","og_type":"article","og_title":"La agricultura y la sexta extinci\u00f3n masiva","og_description":"La sexta extinci\u00f3n masiva parece avanzar a ojos vista y la agricultura juega un papel clave en ella. Veamos por qu\u00e9.","og_url":"https:\/\/www.repuestosfuster.com\/blog\/que-tiene-que-ver-la-agricultura-con-la-sexta-extincion-masiva\/","og_site_name":"BLOG","article_published_time":"2025-09-03T09:38:00+00:00","article_modified_time":"2025-09-03T09:47:02+00:00","og_image":[{"width":1920,"height":460,"url":"http:\/\/www.repuestosfuster.com\/blog\/wp-content\/uploads\/2025\/09\/sexta_extincion_masiva_agricultura_intensiva.jpg","type":"image\/jpeg"}],"author":"FUSTER","twitter_card":"summary_large_image","twitter_misc":{"Escrito por":"FUSTER","Tiempo de lectura":"5 minutos"},"schema":{"@context":"https:\/\/schema.org","@graph":[{"@type":"Article","@id":"https:\/\/www.repuestosfuster.com\/blog\/que-tiene-que-ver-la-agricultura-con-la-sexta-extincion-masiva\/#article","isPartOf":{"@id":"https:\/\/www.repuestosfuster.com\/blog\/que-tiene-que-ver-la-agricultura-con-la-sexta-extincion-masiva\/"},"author":{"name":"FUSTER","@id":"https:\/\/www.repuestosfuster.com\/blog\/#\/schema\/person\/96301f462c55228d9d330690c83db2b3"},"headline":"La agricultura y la sexta extinci\u00f3n masiva","datePublished":"2025-09-03T09:38:00+00:00","dateModified":"2025-09-03T09:47:02+00:00","mainEntityOfPage":{"@id":"https:\/\/www.repuestosfuster.com\/blog\/que-tiene-que-ver-la-agricultura-con-la-sexta-extincion-masiva\/"},"wordCount":900,"commentCount":2,"publisher":{"@id":"https:\/\/www.repuestosfuster.com\/blog\/#organization"},"image":{"@id":"https:\/\/www.repuestosfuster.com\/blog\/que-tiene-que-ver-la-agricultura-con-la-sexta-extincion-masiva\/#primaryimage"},"thumbnailUrl":"https:\/\/www.repuestosfuster.com\/blog\/wp-content\/uploads\/2025\/09\/sexta_extincion_masiva_agricultura_intensiva.jpg","articleSection":["Noticias"],"inLanguage":"es","potentialAction":[{"@type":"CommentAction","name":"Comment","target":["https:\/\/www.repuestosfuster.com\/blog\/que-tiene-que-ver-la-agricultura-con-la-sexta-extincion-masiva\/#respond"]}]},{"@type":"WebPage","@id":"https:\/\/www.repuestosfuster.com\/blog\/que-tiene-que-ver-la-agricultura-con-la-sexta-extincion-masiva\/","url":"https:\/\/www.repuestosfuster.com\/blog\/que-tiene-que-ver-la-agricultura-con-la-sexta-extincion-masiva\/","name":"La agricultura y la sexta extinci\u00f3n masiva","isPartOf":{"@id":"https:\/\/www.repuestosfuster.com\/blog\/#website"},"primaryImageOfPage":{"@id":"https:\/\/www.repuestosfuster.com\/blog\/que-tiene-que-ver-la-agricultura-con-la-sexta-extincion-masiva\/#primaryimage"},"image":{"@id":"https:\/\/www.repuestosfuster.com\/blog\/que-tiene-que-ver-la-agricultura-con-la-sexta-extincion-masiva\/#primaryimage"},"thumbnailUrl":"https:\/\/www.repuestosfuster.com\/blog\/wp-content\/uploads\/2025\/09\/sexta_extincion_masiva_agricultura_intensiva.jpg","datePublished":"2025-09-03T09:38:00+00:00","dateModified":"2025-09-03T09:47:02+00:00","description":"La sexta extinci\u00f3n masiva parece avanzar a ojos vista y la agricultura juega un papel clave en ella. Veamos por qu\u00e9.","breadcrumb":{"@id":"https:\/\/www.repuestosfuster.com\/blog\/que-tiene-que-ver-la-agricultura-con-la-sexta-extincion-masiva\/#breadcrumb"},"inLanguage":"es","potentialAction":[{"@type":"ReadAction","target":["https:\/\/www.repuestosfuster.com\/blog\/que-tiene-que-ver-la-agricultura-con-la-sexta-extincion-masiva\/"]}]},{"@type":"ImageObject","inLanguage":"es","@id":"https:\/\/www.repuestosfuster.com\/blog\/que-tiene-que-ver-la-agricultura-con-la-sexta-extincion-masiva\/#primaryimage","url":"https:\/\/www.repuestosfuster.com\/blog\/wp-content\/uploads\/2025\/09\/sexta_extincion_masiva_agricultura_intensiva.jpg","contentUrl":"https:\/\/www.repuestosfuster.com\/blog\/wp-content\/uploads\/2025\/09\/sexta_extincion_masiva_agricultura_intensiva.jpg","width":1920,"height":460,"caption":"Sexta extinci\u00f3n masiva"},{"@type":"BreadcrumbList","@id":"https:\/\/www.repuestosfuster.com\/blog\/que-tiene-que-ver-la-agricultura-con-la-sexta-extincion-masiva\/#breadcrumb","itemListElement":[{"@type":"ListItem","position":1,"name":"Inicio","item":"https:\/\/www.repuestosfuster.com\/blog\/"},{"@type":"ListItem","position":2,"name":"La agricultura y la sexta extinci\u00f3n masiva"}]},{"@type":"WebSite","@id":"https:\/\/www.repuestosfuster.com\/blog\/#website","url":"https:\/\/www.repuestosfuster.com\/blog\/","name":"Repuestos Fuster Blog","description":"Tu blog de agricultura y tractores","publisher":{"@id":"https:\/\/www.repuestosfuster.com\/blog\/#organization"},"potentialAction":[{"@type":"SearchAction","target":{"@type":"EntryPoint","urlTemplate":"https:\/\/www.repuestosfuster.com\/blog\/?s={search_term_string}"},"query-input":{"@type":"PropertyValueSpecification","valueRequired":true,"valueName":"search_term_string"}}],"inLanguage":"es"},{"@type":"Organization","@id":"https:\/\/www.repuestosfuster.com\/blog\/#organization","name":"Repuestos Fuster","url":"https:\/\/www.repuestosfuster.com\/blog\/","logo":{"@type":"ImageObject","inLanguage":"es","@id":"https:\/\/www.repuestosfuster.com\/blog\/#\/schema\/logo\/image\/","url":"https:\/\/www.repuestosfuster.com\/blog\/wp-content\/uploads\/2017\/03\/logo-fuster.png","contentUrl":"https:\/\/www.repuestosfuster.com\/blog\/wp-content\/uploads\/2017\/03\/logo-fuster.png","width":300,"height":120,"caption":"Repuestos Fuster"},"image":{"@id":"https:\/\/www.repuestosfuster.com\/blog\/#\/schema\/logo\/image\/"}},{"@type":"Person","@id":"https:\/\/www.repuestosfuster.com\/blog\/#\/schema\/person\/96301f462c55228d9d330690c83db2b3","name":"FUSTER","image":{"@type":"ImageObject","inLanguage":"es","@id":"https:\/\/secure.gravatar.com\/avatar\/00201df07a21b34b695826e786430d6bd01ef7530dd6745786b4e32666a277e4?s=96&d=mm&r=g","url":"https:\/\/secure.gravatar.com\/avatar\/00201df07a21b34b695826e786430d6bd01ef7530dd6745786b4e32666a277e4?s=96&d=mm&r=g","contentUrl":"https:\/\/secure.gravatar.com\/avatar\/00201df07a21b34b695826e786430d6bd01ef7530dd6745786b4e32666a277e4?s=96&d=mm&r=g","caption":"FUSTER"},"description":"Repuestos Fuster es un fabricante de recambios para tractores cuyo principal objetivo es la producci\u00f3n rigurosa y garantizada de repuestos con la misma calidad que la pieza original a un precio m\u00e1s econ\u00f3mico.","sameAs":["http:\/\/www.repuestosfuster.com\/"]}]}},"jetpack_publicize_connections":[],"jetpack_featured_media_url":"https:\/\/www.repuestosfuster.com\/blog\/wp-content\/uploads\/2025\/09\/sexta_extincion_masiva_agricultura_intensiva.jpg","jetpack_sharing_enabled":true,"jetpack_shortlink":"https:\/\/wp.me\/p8NulZ-Vh","jetpack-related-posts":[],"_links":{"self":[{"href":"https:\/\/www.repuestosfuster.com\/blog\/wp-json\/wp\/v2\/posts\/3551","targetHints":{"allow":["GET"]}}],"collection":[{"href":"https:\/\/www.repuestosfuster.com\/blog\/wp-json\/wp\/v2\/posts"}],"about":[{"href":"https:\/\/www.repuestosfuster.com\/blog\/wp-json\/wp\/v2\/types\/post"}],"author":[{"embeddable":true,"href":"https:\/\/www.repuestosfuster.com\/blog\/wp-json\/wp\/v2\/users\/1"}],"replies":[{"embeddable":true,"href":"https:\/\/www.repuestosfuster.com\/blog\/wp-json\/wp\/v2\/comments?post=3551"}],"version-history":[{"count":5,"href":"https:\/\/www.repuestosfuster.com\/blog\/wp-json\/wp\/v2\/posts\/3551\/revisions"}],"predecessor-version":[{"id":3558,"href":"https:\/\/www.repuestosfuster.com\/blog\/wp-json\/wp\/v2\/posts\/3551\/revisions\/3558"}],"wp:featuredmedia":[{"embeddable":true,"href":"https:\/\/www.repuestosfuster.com\/blog\/wp-json\/wp\/v2\/media\/3553"}],"wp:attachment":[{"href":"https:\/\/www.repuestosfuster.com\/blog\/wp-json\/wp\/v2\/media?parent=3551"}],"wp:term":[{"taxonomy":"category","embeddable":true,"href":"https:\/\/www.repuestosfuster.com\/blog\/wp-json\/wp\/v2\/categories?post=3551"},{"taxonomy":"post_tag","embeddable":true,"href":"https:\/\/www.repuestosfuster.com\/blog\/wp-json\/wp\/v2\/tags?post=3551"}],"curies":[{"name":"wp","href":"https:\/\/api.w.org\/{rel}","templated":true}]}}