{"id":3530,"date":"2025-08-14T07:02:33","date_gmt":"2025-08-14T07:02:33","guid":{"rendered":"https:\/\/www.repuestosfuster.com\/blog\/?p=3530"},"modified":"2025-11-05T13:29:46","modified_gmt":"2025-11-05T11:29:46","slug":"los-aranceles-de-ee-uu-y-la-agricultura-espanola","status":"publish","type":"post","link":"https:\/\/www.repuestosfuster.com\/blog\/los-aranceles-de-ee-uu-y-la-agricultura-espanola\/","title":{"rendered":"Los aranceles de EE.UU. y la agricultura espa\u00f1ola"},"content":{"rendered":"\n<p>La reactivaci\u00f3n de la pol\u00edtica de aranceles por parte del presidente <strong>Donald Trump<\/strong> ha generado profundas inquietudes en el sector agroalimentario espa\u00f1ol. Estas nuevas tarifas, del entorno del 20 %, junto a las correspondientes contramedidas de la UE del 15 %, representan una <strong>amenaza real<\/strong> a la competitividad del campo espa\u00f1ol en uno de sus principales mercados exteriores.<\/p>\n\n\n\n<h3 class=\"wp-block-heading\">\u00bfEn qu\u00e9 consisten los nuevos aranceles?<\/h3>\n\n\n\n<p>El 2 de abril de 2025, la administraci\u00f3n Trump anunci\u00f3 un <strong>paquete de aranceles generales<\/strong> del <strong>20 %<\/strong> a todos los productos importados desde la <strong>Uni\u00f3n Europea<\/strong>. Estos grav\u00e1menes se sumaban a otras medidas previas sobre el acero, el aluminio o los autom\u00f3viles, conformando as\u00ed una nueva<strong> oleada proteccionista<\/strong> en estados Unidos. En paralelo, y tras varias negociaciones, la UE logr\u00f3 una reducci\u00f3n parcial de hasta un <strong>15 %<\/strong>.<\/p>\n\n\n\n<h3 class=\"wp-block-heading\">Impacto directo sobre la agricultura espa\u00f1ola<\/h3>\n\n\n\n<p>Ahora, el actual paquete arancelario pone en jaque a productos emblem\u00e1ticos como el <strong>aceite de oliva<\/strong>, el <strong><a href=\"https:\/\/www.repuestosfuster.com\/blog\/por-que-tienen-sentido-el-vino-vegano\/\" target=\"_blank\" rel=\"noreferrer noopener\"><mark style=\"background-color:rgba(0, 0, 0, 0)\" class=\"has-inline-color has-luminous-vivid-orange-color\">vino<\/mark><\/a><\/strong>, las <strong>aceitunas de mesa<\/strong>, los <strong>quesos<\/strong> y las <strong>conservas vegetales<\/strong>. Este \u00faltimo a\u00f1o, Espa\u00f1a export\u00f3 m\u00e1s de <strong>3 500 millones de euros<\/strong> en productos agroalimentarios a EE.UU. M<strong>\u00e1s de 1 000 millones correspond\u00edan solo a aceite<\/strong>. Las bodegas de vino espa\u00f1olas, por su parte, advierten que estas medidas podr\u00edan suponer un <strong>golpe directo<\/strong> a su supervivencia, especialmente porque EE.UU. es el primer destino del vino espumoso nacional, y uno de los principales del producto en general.<\/p>\n\n\n\n<p>En cuanto a c\u00f3mo afectan estas pol\u00edticas seg\u00fan el territorio, el resultado es desigual. Regiones como <strong>Andaluc\u00eda, por ejemplo,<\/strong> dependen en gran parte del mercado estadounidense: en 2024, m\u00e1s del <strong>8,6 % de sus exportaciones regionales<\/strong> estaban destinadas a EE.UU.<\/p>\n\n\n\n<hr class=\"wp-block-separator has-text-color has-alpha-channel-opacity has-background\" style=\"background-color:#ffffff00;color:#ffffff00\"\/>\n\n\n<div class=\"wp-block-image\">\n<figure class=\"aligncenter size-full\"><img loading=\"lazy\" decoding=\"async\" width=\"850\" height=\"567\" data-attachment-id=\"3622\" data-permalink=\"https:\/\/www.repuestosfuster.com\/blog\/los-aranceles-de-ee-uu-y-la-agricultura-espanola\/empacadora\/\" data-orig-file=\"https:\/\/www.repuestosfuster.com\/blog\/wp-content\/uploads\/2025\/08\/Empacadora.jpg\" data-orig-size=\"850,567\" data-comments-opened=\"1\" data-image-meta=\"{&quot;aperture&quot;:&quot;0&quot;,&quot;credit&quot;:&quot;&quot;,&quot;camera&quot;:&quot;&quot;,&quot;caption&quot;:&quot;&quot;,&quot;created_timestamp&quot;:&quot;0&quot;,&quot;copyright&quot;:&quot;&quot;,&quot;focal_length&quot;:&quot;0&quot;,&quot;iso&quot;:&quot;0&quot;,&quot;shutter_speed&quot;:&quot;0&quot;,&quot;title&quot;:&quot;&quot;,&quot;orientation&quot;:&quot;0&quot;}\" data-image-title=\"Empacadora\" data-image-description=\"\" data-image-caption=\"\" data-medium-file=\"https:\/\/www.repuestosfuster.com\/blog\/wp-content\/uploads\/2025\/08\/Empacadora-300x200.jpg\" data-large-file=\"https:\/\/www.repuestosfuster.com\/blog\/wp-content\/uploads\/2025\/08\/Empacadora.jpg\" src=\"http:\/\/www.repuestosfuster.com\/blog\/wp-content\/uploads\/2025\/08\/Empacadora.jpg\" alt=\"Empacadora\" class=\"wp-image-3622\" srcset=\"https:\/\/www.repuestosfuster.com\/blog\/wp-content\/uploads\/2025\/08\/Empacadora.jpg 850w, https:\/\/www.repuestosfuster.com\/blog\/wp-content\/uploads\/2025\/08\/Empacadora-300x200.jpg 300w, https:\/\/www.repuestosfuster.com\/blog\/wp-content\/uploads\/2025\/08\/Empacadora-768x512.jpg 768w\" sizes=\"auto, (max-width: 599px) calc(100vw - 50px), (max-width: 767px) calc(100vw - 70px), (max-width: 991px) 429px, (max-width: 1199px) 637px, 354px\" \/><\/figure><\/div>\n\n\n<h3 class=\"wp-block-heading\">Efecto en cifras globales<\/h3>\n\n\n\n<p>Productos como el aceite, el vino y las conservas <strong>incrementar\u00e1n el precio en destino<\/strong>, lo que reducir\u00e1 las exportaciones y provocar\u00e1 mayores costos para los consumidores estadounidenses. En l\u00edneas generales, se proyecta una ca\u00edda estimada de hasta el <strong>12 % en estas exportaciones<\/strong>, una cifra que puede traducirse en p\u00e9rdidas millonarias.<\/p>\n\n\n\n<p>Espa\u00f1a ha denunciado que estas medidas son injustificadas y contrarias a la l\u00f3gica del comercio. Agrupaciones como <strong><a href=\"https:\/\/fiab.es\/\" target=\"_blank\" rel=\"noreferrer noopener\">FIAB<\/a><\/strong> (Federaci\u00f3n Espa\u00f1ola de Industrias de Alimentaci\u00f3n y Bebidas) las considera un error grave y ha pedido una respuesta r\u00e1pida y contundente desde el Gobierno y la UE. <strong>UGT FICA<\/strong> advierte del riesgo para las <strong>pymes agr\u00edcolas<\/strong>, muchas ubicadas en zonas rurales con escasas alternativas comerciales.<\/p>\n\n\n\n<h3 class=\"wp-block-heading\">Medidas de respuesta a los aranceles<\/h3>\n\n\n\n<p>Como contrapartida, el gobierno de Espa\u00f1a anunci\u00f3 un <strong>Plan de Respuesta y Reactivaci\u00f3n Comercial<\/strong> dotado con <strong>14 100 millones de euros<\/strong> y destinado a proteger empresas y empleo, incluyendo pr\u00e9stamos para realizar inversiones en la <strong>producci\u00f3n nacional<\/strong>.<\/p>\n\n\n\n<p>Por otra parte, determinados sectores regionales ya estudian estrategias de <strong>diversificaci\u00f3n<\/strong> hacia otros mercados alternativos, una reorientaci\u00f3n de las exportaciones e incluso la <strong>inversi\u00f3n directa<\/strong> en EE.UU. Con el objetivo de sortear barreras arancelarias.<\/p>\n\n\n\n<h3 class=\"wp-block-heading\">M\u00e1s all\u00e1 del campo: efectos indirectos<\/h3>\n\n\n\n<p>El impacto de estos aranceles no se limita a exclusivamente a los productos agroalimentarios. Sectores como el <strong>industrial<\/strong>, el <strong>farmac\u00e9utico<\/strong>, el <strong>automovil\u00edstico<\/strong> y el de los <strong>bienes de equipo<\/strong> tambi\u00e9n se ven gravemente afectados. Esto, a la larga, repercute indirectamente en el campo al alterar cadenas como las de suministro y demanda.<\/p>\n\n\n\n<p>La imposici\u00f3n de <strong>aranceles<\/strong> por parte de EE.UU. ha generado una tormenta comercial con <strong>efectos inquietantes<\/strong> para la agricultura espa\u00f1ola. Sectores como el aceite de oliva, el vino y las aceitunas se enfrentan a un escenario de incertidumbre, al aumento de precios y a la p\u00e9rdida de competitividad. Ante esta situaci\u00f3n, la estrategia de respuesta deber\u00eda implicar una <strong>combinaci\u00f3n<\/strong> de apoyo p\u00fablico inmediato, diversificaci\u00f3n de mercados y diplomacia activa. El reto es doble: mantener el impulso exportador y preservar la viabilidad del campo espa\u00f1ol en el marco de un comercio global cada vez m\u00e1s <strong>proteccionista<\/strong>.<\/p>\n\n\n\n<hr class=\"wp-block-separator has-text-color has-alpha-channel-opacity has-background\" style=\"background-color:#ffffff00;color:#ffffff00\"\/>\n\n\n\n<p>Imagen principal de <a href=\"https:\/\/www.flickr.com\/photos\/128529552@N04\/44333507024\/\" target=\"_blank\" rel=\"noreferrer noopener\">Pepa Pascual<\/a>.<\/p>\n\n\n\n<p>Imagen central de <a href=\"https:\/\/www.flickr.com\/photos\/pixelshowmeine\/28236735404\/in\/photolist-K2bDFA-5oRLgc-wdBnh7-KDu6X7-dd3W7M-dm8U9M-2aH5XMJ-29p5JQF-XKXrBB-zdUT4j-29Ki3dh-fvhirZ-ZM35rE-fvh9ba-fHcKpd-ZWQmG6-oknJbS-fvwzdj-yYGXuW-zgvrq2-osDo2o-fvhfG4-294enxH-Vjwk6Q-aq6qUv-fvwu8E-UWpX7h-28GMCFW-nwBW86-aqmq4E-fvwpKJ-yYzKZW-29z4vyT-LUsFM6-h9ixaP-XjKGkS-Z41GHk-g2AUs6-zhnb58-275Gpyu-24ENLiX-etY1xA-fGVkSB-T461nL-fvh9Ke-bPds9z-M2QgFK-fvhhtn-YNBK9U-saau61\" target=\"_blank\" rel=\"noreferrer noopener\">Lutz Blohm<\/a>.<\/p>\n\n\n\n<p><\/p>\n\n\n<div class=\"kk-star-ratings kksr-auto kksr-align-left kksr-valign-bottom\"\n    data-payload='{&quot;align&quot;:&quot;left&quot;,&quot;id&quot;:&quot;3530&quot;,&quot;slug&quot;:&quot;default&quot;,&quot;valign&quot;:&quot;bottom&quot;,&quot;ignore&quot;:&quot;&quot;,&quot;reference&quot;:&quot;auto&quot;,&quot;class&quot;:&quot;&quot;,&quot;count&quot;:&quot;0&quot;,&quot;legendonly&quot;:&quot;&quot;,&quot;readonly&quot;:&quot;&quot;,&quot;score&quot;:&quot;0&quot;,&quot;starsonly&quot;:&quot;&quot;,&quot;best&quot;:&quot;5&quot;,&quot;gap&quot;:&quot;5&quot;,&quot;greet&quot;:&quot;Rate this post&quot;,&quot;legend&quot;:&quot;0\\\/5 - (0 votos)&quot;,&quot;size&quot;:&quot;24&quot;,&quot;title&quot;:&quot;Los aranceles de EE.UU. y la agricultura espa\u00f1ola&quot;,&quot;width&quot;:&quot;0&quot;,&quot;_legend&quot;:&quot;{score}\\\/{best} - ({count} {votes})&quot;,&quot;font_factor&quot;:&quot;1.25&quot;}'>\n            \n<div class=\"kksr-stars\">\n    \n<div class=\"kksr-stars-inactive\">\n            <div class=\"kksr-star\" data-star=\"1\" style=\"padding-right: 5px\">\n            \n\n<div class=\"kksr-icon\" style=\"width: 24px; height: 24px;\"><\/div>\n        <\/div>\n            <div class=\"kksr-star\" data-star=\"2\" style=\"padding-right: 5px\">\n            \n\n<div class=\"kksr-icon\" style=\"width: 24px; height: 24px;\"><\/div>\n        <\/div>\n            <div class=\"kksr-star\" data-star=\"3\" style=\"padding-right: 5px\">\n            \n\n<div class=\"kksr-icon\" style=\"width: 24px; height: 24px;\"><\/div>\n        <\/div>\n            <div class=\"kksr-star\" data-star=\"4\" style=\"padding-right: 5px\">\n            \n\n<div class=\"kksr-icon\" style=\"width: 24px; height: 24px;\"><\/div>\n        <\/div>\n            <div class=\"kksr-star\" data-star=\"5\" style=\"padding-right: 5px\">\n            \n\n<div class=\"kksr-icon\" style=\"width: 24px; height: 24px;\"><\/div>\n        <\/div>\n    <\/div>\n    \n<div class=\"kksr-stars-active\" style=\"width: 0px;\">\n            <div class=\"kksr-star\" style=\"padding-right: 5px\">\n            \n\n<div class=\"kksr-icon\" style=\"width: 24px; height: 24px;\"><\/div>\n        <\/div>\n            <div class=\"kksr-star\" style=\"padding-right: 5px\">\n            \n\n<div class=\"kksr-icon\" style=\"width: 24px; height: 24px;\"><\/div>\n        <\/div>\n            <div class=\"kksr-star\" style=\"padding-right: 5px\">\n            \n\n<div class=\"kksr-icon\" style=\"width: 24px; height: 24px;\"><\/div>\n        <\/div>\n            <div class=\"kksr-star\" style=\"padding-right: 5px\">\n            \n\n<div class=\"kksr-icon\" style=\"width: 24px; height: 24px;\"><\/div>\n        <\/div>\n            <div class=\"kksr-star\" style=\"padding-right: 5px\">\n            \n\n<div class=\"kksr-icon\" style=\"width: 24px; height: 24px;\"><\/div>\n        <\/div>\n    <\/div>\n<\/div>\n                \n\n<div class=\"kksr-legend\" style=\"font-size: 19.2px;\">\n            <span class=\"kksr-muted\">Rate this post<\/span>\n    <\/div>\n    <\/div>\n","protected":false},"excerpt":{"rendered":"<p>La actual pol\u00edtica de aranceles de EE.UU. podr\u00eda poner en jaque a la agricultura espa\u00f1ola. Analizamos la situaci\u00f3n actual.<\/p>\n<a href=\"https:\/\/www.repuestosfuster.com\/blog\/los-aranceles-de-ee-uu-y-la-agricultura-espanola\/\" class=\"read-more-link\">Continua leyendo <span class=\"screen-reader-text\">\"Los aranceles de EE.UU. y la agricultura espa\u00f1ola\"<\/span> <span class=\"meta-nav\">&rarr;<\/span><\/a>","protected":false},"author":1,"featured_media":3620,"comment_status":"open","ping_status":"open","sticky":false,"template":"","format":"standard","meta":{"_monsterinsights_skip_tracking":false,"_monsterinsights_sitenote_active":false,"_monsterinsights_sitenote_note":"","_monsterinsights_sitenote_category":0,"jetpack_post_was_ever_published":false,"_jetpack_newsletter_access":"","_jetpack_dont_email_post_to_subs":false,"_jetpack_newsletter_tier_id":0,"_jetpack_memberships_contains_paywalled_content":false,"_jetpack_memberships_contains_paid_content":false,"footnotes":"","jetpack_publicize_message":"","jetpack_publicize_feature_enabled":true,"jetpack_social_post_already_shared":true,"jetpack_social_options":{"image_generator_settings":{"template":"highway","default_image_id":0,"font":"","enabled":false},"version":2}},"categories":[1],"tags":[],"class_list":["post-3530","post","type-post","status-publish","format-standard","has-post-thumbnail","hentry","category-noticias","penguin-post","penguin-post-not-sticky"],"yoast_head":"<!-- This site is optimized with the Yoast SEO plugin v27.2 - https:\/\/yoast.com\/product\/yoast-seo-wordpress\/ -->\n<title>Los aranceles de EE.UU. y la agricultura espa\u00f1ola<\/title>\n<meta name=\"description\" content=\"La actual pol\u00edtica de aranceles de EE.UU. podr\u00eda poner en jaque a la agricultura espa\u00f1ola. Analizamos la situaci\u00f3n actual.\" \/>\n<meta name=\"robots\" content=\"index, follow, max-snippet:-1, max-image-preview:large, max-video-preview:-1\" \/>\n<link rel=\"canonical\" href=\"https:\/\/www.repuestosfuster.com\/blog\/los-aranceles-de-ee-uu-y-la-agricultura-espanola\/\" \/>\n<meta property=\"og:locale\" content=\"es_ES\" \/>\n<meta property=\"og:type\" content=\"article\" \/>\n<meta property=\"og:title\" content=\"Los aranceles de EE.UU. y la agricultura espa\u00f1ola\" \/>\n<meta property=\"og:description\" content=\"La actual pol\u00edtica de aranceles de EE.UU. podr\u00eda poner en jaque a la agricultura espa\u00f1ola. Analizamos la situaci\u00f3n actual.\" \/>\n<meta property=\"og:url\" content=\"https:\/\/www.repuestosfuster.com\/blog\/los-aranceles-de-ee-uu-y-la-agricultura-espanola\/\" \/>\n<meta property=\"og:site_name\" content=\"BLOG\" \/>\n<meta property=\"article:published_time\" content=\"2025-08-14T07:02:33+00:00\" \/>\n<meta property=\"article:modified_time\" content=\"2025-11-05T11:29:46+00:00\" \/>\n<meta property=\"og:image\" content=\"http:\/\/www.repuestosfuster.com\/blog\/wp-content\/uploads\/2025\/08\/aranceles_Trump-1.jpg\" \/>\n\t<meta property=\"og:image:width\" content=\"1920\" \/>\n\t<meta property=\"og:image:height\" content=\"460\" \/>\n\t<meta property=\"og:image:type\" content=\"image\/jpeg\" \/>\n<meta name=\"author\" content=\"FUSTER\" \/>\n<meta name=\"twitter:card\" content=\"summary_large_image\" \/>\n<meta name=\"twitter:label1\" content=\"Escrito por\" \/>\n\t<meta name=\"twitter:data1\" content=\"FUSTER\" \/>\n\t<meta name=\"twitter:label2\" content=\"Tiempo de lectura\" \/>\n\t<meta name=\"twitter:data2\" content=\"4 minutos\" \/>\n<script type=\"application\/ld+json\" class=\"yoast-schema-graph\">{\"@context\":\"https:\/\/schema.org\",\"@graph\":[{\"@type\":\"Article\",\"@id\":\"https:\/\/www.repuestosfuster.com\/blog\/los-aranceles-de-ee-uu-y-la-agricultura-espanola\/#article\",\"isPartOf\":{\"@id\":\"https:\/\/www.repuestosfuster.com\/blog\/los-aranceles-de-ee-uu-y-la-agricultura-espanola\/\"},\"author\":{\"name\":\"FUSTER\",\"@id\":\"https:\/\/www.repuestosfuster.com\/blog\/#\/schema\/person\/96301f462c55228d9d330690c83db2b3\"},\"headline\":\"Los aranceles de EE.UU. y la agricultura espa\u00f1ola\",\"datePublished\":\"2025-08-14T07:02:33+00:00\",\"dateModified\":\"2025-11-05T11:29:46+00:00\",\"mainEntityOfPage\":{\"@id\":\"https:\/\/www.repuestosfuster.com\/blog\/los-aranceles-de-ee-uu-y-la-agricultura-espanola\/\"},\"wordCount\":680,\"commentCount\":0,\"publisher\":{\"@id\":\"https:\/\/www.repuestosfuster.com\/blog\/#organization\"},\"image\":{\"@id\":\"https:\/\/www.repuestosfuster.com\/blog\/los-aranceles-de-ee-uu-y-la-agricultura-espanola\/#primaryimage\"},\"thumbnailUrl\":\"https:\/\/www.repuestosfuster.com\/blog\/wp-content\/uploads\/2025\/08\/aranceles_Trump-1.jpg\",\"articleSection\":[\"Noticias\"],\"inLanguage\":\"es\",\"potentialAction\":[{\"@type\":\"CommentAction\",\"name\":\"Comment\",\"target\":[\"https:\/\/www.repuestosfuster.com\/blog\/los-aranceles-de-ee-uu-y-la-agricultura-espanola\/#respond\"]}]},{\"@type\":\"WebPage\",\"@id\":\"https:\/\/www.repuestosfuster.com\/blog\/los-aranceles-de-ee-uu-y-la-agricultura-espanola\/\",\"url\":\"https:\/\/www.repuestosfuster.com\/blog\/los-aranceles-de-ee-uu-y-la-agricultura-espanola\/\",\"name\":\"Los aranceles de EE.UU. y la agricultura espa\u00f1ola\",\"isPartOf\":{\"@id\":\"https:\/\/www.repuestosfuster.com\/blog\/#website\"},\"primaryImageOfPage\":{\"@id\":\"https:\/\/www.repuestosfuster.com\/blog\/los-aranceles-de-ee-uu-y-la-agricultura-espanola\/#primaryimage\"},\"image\":{\"@id\":\"https:\/\/www.repuestosfuster.com\/blog\/los-aranceles-de-ee-uu-y-la-agricultura-espanola\/#primaryimage\"},\"thumbnailUrl\":\"https:\/\/www.repuestosfuster.com\/blog\/wp-content\/uploads\/2025\/08\/aranceles_Trump-1.jpg\",\"datePublished\":\"2025-08-14T07:02:33+00:00\",\"dateModified\":\"2025-11-05T11:29:46+00:00\",\"description\":\"La actual pol\u00edtica de aranceles de EE.UU. podr\u00eda poner en jaque a la agricultura espa\u00f1ola. Analizamos la situaci\u00f3n actual.\",\"breadcrumb\":{\"@id\":\"https:\/\/www.repuestosfuster.com\/blog\/los-aranceles-de-ee-uu-y-la-agricultura-espanola\/#breadcrumb\"},\"inLanguage\":\"es\",\"potentialAction\":[{\"@type\":\"ReadAction\",\"target\":[\"https:\/\/www.repuestosfuster.com\/blog\/los-aranceles-de-ee-uu-y-la-agricultura-espanola\/\"]}]},{\"@type\":\"ImageObject\",\"inLanguage\":\"es\",\"@id\":\"https:\/\/www.repuestosfuster.com\/blog\/los-aranceles-de-ee-uu-y-la-agricultura-espanola\/#primaryimage\",\"url\":\"https:\/\/www.repuestosfuster.com\/blog\/wp-content\/uploads\/2025\/08\/aranceles_Trump-1.jpg\",\"contentUrl\":\"https:\/\/www.repuestosfuster.com\/blog\/wp-content\/uploads\/2025\/08\/aranceles_Trump-1.jpg\",\"width\":1920,\"height\":460,\"caption\":\"aranceles Trump\"},{\"@type\":\"BreadcrumbList\",\"@id\":\"https:\/\/www.repuestosfuster.com\/blog\/los-aranceles-de-ee-uu-y-la-agricultura-espanola\/#breadcrumb\",\"itemListElement\":[{\"@type\":\"ListItem\",\"position\":1,\"name\":\"Inicio\",\"item\":\"https:\/\/www.repuestosfuster.com\/blog\/\"},{\"@type\":\"ListItem\",\"position\":2,\"name\":\"Los aranceles de EE.UU. y la agricultura espa\u00f1ola\"}]},{\"@type\":\"WebSite\",\"@id\":\"https:\/\/www.repuestosfuster.com\/blog\/#website\",\"url\":\"https:\/\/www.repuestosfuster.com\/blog\/\",\"name\":\"Repuestos Fuster Blog\",\"description\":\"Tu blog de agricultura y tractores\",\"publisher\":{\"@id\":\"https:\/\/www.repuestosfuster.com\/blog\/#organization\"},\"potentialAction\":[{\"@type\":\"SearchAction\",\"target\":{\"@type\":\"EntryPoint\",\"urlTemplate\":\"https:\/\/www.repuestosfuster.com\/blog\/?s={search_term_string}\"},\"query-input\":{\"@type\":\"PropertyValueSpecification\",\"valueRequired\":true,\"valueName\":\"search_term_string\"}}],\"inLanguage\":\"es\"},{\"@type\":\"Organization\",\"@id\":\"https:\/\/www.repuestosfuster.com\/blog\/#organization\",\"name\":\"Repuestos Fuster\",\"url\":\"https:\/\/www.repuestosfuster.com\/blog\/\",\"logo\":{\"@type\":\"ImageObject\",\"inLanguage\":\"es\",\"@id\":\"https:\/\/www.repuestosfuster.com\/blog\/#\/schema\/logo\/image\/\",\"url\":\"https:\/\/www.repuestosfuster.com\/blog\/wp-content\/uploads\/2017\/03\/logo-fuster.png\",\"contentUrl\":\"https:\/\/www.repuestosfuster.com\/blog\/wp-content\/uploads\/2017\/03\/logo-fuster.png\",\"width\":300,\"height\":120,\"caption\":\"Repuestos Fuster\"},\"image\":{\"@id\":\"https:\/\/www.repuestosfuster.com\/blog\/#\/schema\/logo\/image\/\"}},{\"@type\":\"Person\",\"@id\":\"https:\/\/www.repuestosfuster.com\/blog\/#\/schema\/person\/96301f462c55228d9d330690c83db2b3\",\"name\":\"FUSTER\",\"image\":{\"@type\":\"ImageObject\",\"inLanguage\":\"es\",\"@id\":\"https:\/\/secure.gravatar.com\/avatar\/00201df07a21b34b695826e786430d6bd01ef7530dd6745786b4e32666a277e4?s=96&d=mm&r=g\",\"url\":\"https:\/\/secure.gravatar.com\/avatar\/00201df07a21b34b695826e786430d6bd01ef7530dd6745786b4e32666a277e4?s=96&d=mm&r=g\",\"contentUrl\":\"https:\/\/secure.gravatar.com\/avatar\/00201df07a21b34b695826e786430d6bd01ef7530dd6745786b4e32666a277e4?s=96&d=mm&r=g\",\"caption\":\"FUSTER\"},\"description\":\"Repuestos Fuster es un fabricante de recambios para tractores cuyo principal objetivo es la producci\u00f3n rigurosa y garantizada de repuestos con la misma calidad que la pieza original a un precio m\u00e1s econ\u00f3mico.\",\"sameAs\":[\"http:\/\/www.repuestosfuster.com\/\"]}]}<\/script>\n<!-- \/ Yoast SEO plugin. -->","yoast_head_json":{"title":"Los aranceles de EE.UU. y la agricultura espa\u00f1ola","description":"La actual pol\u00edtica de aranceles de EE.UU. podr\u00eda poner en jaque a la agricultura espa\u00f1ola. Analizamos la situaci\u00f3n actual.","robots":{"index":"index","follow":"follow","max-snippet":"max-snippet:-1","max-image-preview":"max-image-preview:large","max-video-preview":"max-video-preview:-1"},"canonical":"https:\/\/www.repuestosfuster.com\/blog\/los-aranceles-de-ee-uu-y-la-agricultura-espanola\/","og_locale":"es_ES","og_type":"article","og_title":"Los aranceles de EE.UU. y la agricultura espa\u00f1ola","og_description":"La actual pol\u00edtica de aranceles de EE.UU. podr\u00eda poner en jaque a la agricultura espa\u00f1ola. Analizamos la situaci\u00f3n actual.","og_url":"https:\/\/www.repuestosfuster.com\/blog\/los-aranceles-de-ee-uu-y-la-agricultura-espanola\/","og_site_name":"BLOG","article_published_time":"2025-08-14T07:02:33+00:00","article_modified_time":"2025-11-05T11:29:46+00:00","og_image":[{"width":1920,"height":460,"url":"http:\/\/www.repuestosfuster.com\/blog\/wp-content\/uploads\/2025\/08\/aranceles_Trump-1.jpg","type":"image\/jpeg"}],"author":"FUSTER","twitter_card":"summary_large_image","twitter_misc":{"Escrito por":"FUSTER","Tiempo de lectura":"4 minutos"},"schema":{"@context":"https:\/\/schema.org","@graph":[{"@type":"Article","@id":"https:\/\/www.repuestosfuster.com\/blog\/los-aranceles-de-ee-uu-y-la-agricultura-espanola\/#article","isPartOf":{"@id":"https:\/\/www.repuestosfuster.com\/blog\/los-aranceles-de-ee-uu-y-la-agricultura-espanola\/"},"author":{"name":"FUSTER","@id":"https:\/\/www.repuestosfuster.com\/blog\/#\/schema\/person\/96301f462c55228d9d330690c83db2b3"},"headline":"Los aranceles de EE.UU. y la agricultura espa\u00f1ola","datePublished":"2025-08-14T07:02:33+00:00","dateModified":"2025-11-05T11:29:46+00:00","mainEntityOfPage":{"@id":"https:\/\/www.repuestosfuster.com\/blog\/los-aranceles-de-ee-uu-y-la-agricultura-espanola\/"},"wordCount":680,"commentCount":0,"publisher":{"@id":"https:\/\/www.repuestosfuster.com\/blog\/#organization"},"image":{"@id":"https:\/\/www.repuestosfuster.com\/blog\/los-aranceles-de-ee-uu-y-la-agricultura-espanola\/#primaryimage"},"thumbnailUrl":"https:\/\/www.repuestosfuster.com\/blog\/wp-content\/uploads\/2025\/08\/aranceles_Trump-1.jpg","articleSection":["Noticias"],"inLanguage":"es","potentialAction":[{"@type":"CommentAction","name":"Comment","target":["https:\/\/www.repuestosfuster.com\/blog\/los-aranceles-de-ee-uu-y-la-agricultura-espanola\/#respond"]}]},{"@type":"WebPage","@id":"https:\/\/www.repuestosfuster.com\/blog\/los-aranceles-de-ee-uu-y-la-agricultura-espanola\/","url":"https:\/\/www.repuestosfuster.com\/blog\/los-aranceles-de-ee-uu-y-la-agricultura-espanola\/","name":"Los aranceles de EE.UU. y la agricultura espa\u00f1ola","isPartOf":{"@id":"https:\/\/www.repuestosfuster.com\/blog\/#website"},"primaryImageOfPage":{"@id":"https:\/\/www.repuestosfuster.com\/blog\/los-aranceles-de-ee-uu-y-la-agricultura-espanola\/#primaryimage"},"image":{"@id":"https:\/\/www.repuestosfuster.com\/blog\/los-aranceles-de-ee-uu-y-la-agricultura-espanola\/#primaryimage"},"thumbnailUrl":"https:\/\/www.repuestosfuster.com\/blog\/wp-content\/uploads\/2025\/08\/aranceles_Trump-1.jpg","datePublished":"2025-08-14T07:02:33+00:00","dateModified":"2025-11-05T11:29:46+00:00","description":"La actual pol\u00edtica de aranceles de EE.UU. podr\u00eda poner en jaque a la agricultura espa\u00f1ola. Analizamos la situaci\u00f3n actual.","breadcrumb":{"@id":"https:\/\/www.repuestosfuster.com\/blog\/los-aranceles-de-ee-uu-y-la-agricultura-espanola\/#breadcrumb"},"inLanguage":"es","potentialAction":[{"@type":"ReadAction","target":["https:\/\/www.repuestosfuster.com\/blog\/los-aranceles-de-ee-uu-y-la-agricultura-espanola\/"]}]},{"@type":"ImageObject","inLanguage":"es","@id":"https:\/\/www.repuestosfuster.com\/blog\/los-aranceles-de-ee-uu-y-la-agricultura-espanola\/#primaryimage","url":"https:\/\/www.repuestosfuster.com\/blog\/wp-content\/uploads\/2025\/08\/aranceles_Trump-1.jpg","contentUrl":"https:\/\/www.repuestosfuster.com\/blog\/wp-content\/uploads\/2025\/08\/aranceles_Trump-1.jpg","width":1920,"height":460,"caption":"aranceles Trump"},{"@type":"BreadcrumbList","@id":"https:\/\/www.repuestosfuster.com\/blog\/los-aranceles-de-ee-uu-y-la-agricultura-espanola\/#breadcrumb","itemListElement":[{"@type":"ListItem","position":1,"name":"Inicio","item":"https:\/\/www.repuestosfuster.com\/blog\/"},{"@type":"ListItem","position":2,"name":"Los aranceles de EE.UU. y la agricultura espa\u00f1ola"}]},{"@type":"WebSite","@id":"https:\/\/www.repuestosfuster.com\/blog\/#website","url":"https:\/\/www.repuestosfuster.com\/blog\/","name":"Repuestos Fuster Blog","description":"Tu blog de agricultura y tractores","publisher":{"@id":"https:\/\/www.repuestosfuster.com\/blog\/#organization"},"potentialAction":[{"@type":"SearchAction","target":{"@type":"EntryPoint","urlTemplate":"https:\/\/www.repuestosfuster.com\/blog\/?s={search_term_string}"},"query-input":{"@type":"PropertyValueSpecification","valueRequired":true,"valueName":"search_term_string"}}],"inLanguage":"es"},{"@type":"Organization","@id":"https:\/\/www.repuestosfuster.com\/blog\/#organization","name":"Repuestos Fuster","url":"https:\/\/www.repuestosfuster.com\/blog\/","logo":{"@type":"ImageObject","inLanguage":"es","@id":"https:\/\/www.repuestosfuster.com\/blog\/#\/schema\/logo\/image\/","url":"https:\/\/www.repuestosfuster.com\/blog\/wp-content\/uploads\/2017\/03\/logo-fuster.png","contentUrl":"https:\/\/www.repuestosfuster.com\/blog\/wp-content\/uploads\/2017\/03\/logo-fuster.png","width":300,"height":120,"caption":"Repuestos Fuster"},"image":{"@id":"https:\/\/www.repuestosfuster.com\/blog\/#\/schema\/logo\/image\/"}},{"@type":"Person","@id":"https:\/\/www.repuestosfuster.com\/blog\/#\/schema\/person\/96301f462c55228d9d330690c83db2b3","name":"FUSTER","image":{"@type":"ImageObject","inLanguage":"es","@id":"https:\/\/secure.gravatar.com\/avatar\/00201df07a21b34b695826e786430d6bd01ef7530dd6745786b4e32666a277e4?s=96&d=mm&r=g","url":"https:\/\/secure.gravatar.com\/avatar\/00201df07a21b34b695826e786430d6bd01ef7530dd6745786b4e32666a277e4?s=96&d=mm&r=g","contentUrl":"https:\/\/secure.gravatar.com\/avatar\/00201df07a21b34b695826e786430d6bd01ef7530dd6745786b4e32666a277e4?s=96&d=mm&r=g","caption":"FUSTER"},"description":"Repuestos Fuster es un fabricante de recambios para tractores cuyo principal objetivo es la producci\u00f3n rigurosa y garantizada de repuestos con la misma calidad que la pieza original a un precio m\u00e1s econ\u00f3mico.","sameAs":["http:\/\/www.repuestosfuster.com\/"]}]}},"jetpack_publicize_connections":[],"jetpack_featured_media_url":"https:\/\/www.repuestosfuster.com\/blog\/wp-content\/uploads\/2025\/08\/aranceles_Trump-1.jpg","jetpack_sharing_enabled":true,"jetpack_shortlink":"https:\/\/wp.me\/p8NulZ-UW","jetpack-related-posts":[],"_links":{"self":[{"href":"https:\/\/www.repuestosfuster.com\/blog\/wp-json\/wp\/v2\/posts\/3530","targetHints":{"allow":["GET"]}}],"collection":[{"href":"https:\/\/www.repuestosfuster.com\/blog\/wp-json\/wp\/v2\/posts"}],"about":[{"href":"https:\/\/www.repuestosfuster.com\/blog\/wp-json\/wp\/v2\/types\/post"}],"author":[{"embeddable":true,"href":"https:\/\/www.repuestosfuster.com\/blog\/wp-json\/wp\/v2\/users\/1"}],"replies":[{"embeddable":true,"href":"https:\/\/www.repuestosfuster.com\/blog\/wp-json\/wp\/v2\/comments?post=3530"}],"version-history":[{"count":4,"href":"https:\/\/www.repuestosfuster.com\/blog\/wp-json\/wp\/v2\/posts\/3530\/revisions"}],"predecessor-version":[{"id":3623,"href":"https:\/\/www.repuestosfuster.com\/blog\/wp-json\/wp\/v2\/posts\/3530\/revisions\/3623"}],"wp:featuredmedia":[{"embeddable":true,"href":"https:\/\/www.repuestosfuster.com\/blog\/wp-json\/wp\/v2\/media\/3620"}],"wp:attachment":[{"href":"https:\/\/www.repuestosfuster.com\/blog\/wp-json\/wp\/v2\/media?parent=3530"}],"wp:term":[{"taxonomy":"category","embeddable":true,"href":"https:\/\/www.repuestosfuster.com\/blog\/wp-json\/wp\/v2\/categories?post=3530"},{"taxonomy":"post_tag","embeddable":true,"href":"https:\/\/www.repuestosfuster.com\/blog\/wp-json\/wp\/v2\/tags?post=3530"}],"curies":[{"name":"wp","href":"https:\/\/api.w.org\/{rel}","templated":true}]}}