{"id":2065,"date":"2022-03-31T08:15:42","date_gmt":"2022-03-31T08:15:42","guid":{"rendered":"https:\/\/www.repuestosfuster.com\/blog\/?p=2065"},"modified":"2022-03-31T08:15:45","modified_gmt":"2022-03-31T08:15:45","slug":"agria-un-historico-de-la-maquinaria-espanola","status":"publish","type":"post","link":"https:\/\/www.repuestosfuster.com\/blog\/agria-un-historico-de-la-maquinaria-espanola\/","title":{"rendered":"Agria: un hist\u00f3rico de la maquinaria espa\u00f1ola"},"content":{"rendered":"\n<p class=\"has-text-align-justify\"><strong><span style=\"color:#ff9900\" class=\"has-inline-color\">Agria Hispania<\/span> <\/strong>nace en 1958 tras la fusi\u00f3n de un grupo de empresarios vascos y la empresa alemana <strong><span style=\"color:#ff9900\" class=\"has-inline-color\">Agria Werke GmbH<\/span><\/strong>. Durante sus primeros tiempos de vida, la nueva empresa se dedica fundamentalmente a la importaci\u00f3n de maquinaria alemana, proveniente de la empresa matriz de la uni\u00f3n, y a su distribuci\u00f3n en Espa\u00f1a.<\/p>\n\n\n\n<p class=\"has-text-align-justify\">En estos momentos, Espa\u00f1a se encuentra en el amanecer de la mecanizaci\u00f3n real de su campo y los productos importados por la marca obtienen una muy buena aceptaci\u00f3n. Esto provoca que algunos modelos de peque\u00f1o tama\u00f1o, especialmente <strong><span style=\"color:#ff9900\" class=\"has-inline-color\">motocultores<\/span><\/strong> y <strong><span style=\"color:#ff9900\" class=\"has-inline-color\">motoazadas<\/span><\/strong>, comiencen a ser ensamblados en las instalaciones de la filial en Amorabieta, Vizcaya.<\/p>\n\n\n\n<h3 class=\"wp-block-heading\"><strong>El comienzo de una carrera en solitario<\/strong><\/h3>\n\n\n\n<p class=\"has-text-align-justify\">El creciente \u00e9xito de la marca y su r\u00e1pida extensi\u00f3n a lo largo y ancho de todo el territorio espa\u00f1ol provoca que en la d\u00e9cada de los 60 Agria Hispania se desligue de su matriz alemana. Comienza as\u00ed su carrera en solitario y la fabricaci\u00f3n de los primeros veh\u00edculos 100 % propios como una <strong><a href=\"https:\/\/www.repuestosfuster.com\/es\/productos\/agria\" target=\"_blank\" rel=\"noreferrer noopener\"><span class=\"has-inline-color has-luminous-vivid-orange-color\">nueva marca independiente<\/span><\/a><\/strong>. Durante sus comienzos, la l\u00ednea de producci\u00f3n contin\u00faa creando motocultores y motoazadas, pero tambi\u00e9n comienzan a ver la luz los primeros <strong><span style=\"color:#ff9900\" class=\"has-inline-color\">tractores articulados<\/span><\/strong>.<\/p>\n\n\n\n<p class=\"has-text-align-justify\">Durante la d\u00e9cada de los 70, Agria Hispania da el salto internacional y comienza a vender tractores y dem\u00e1s tipo de maquinaria agr\u00edcola en Suram\u00e9rica. El <span style=\"color:#ff9900\" class=\"has-inline-color\"><strong>crecimiento<\/strong> <\/span>de la marca contin\u00faa exponencialmente durante los siguientes a\u00f1os, tanto en gama de productos como en otros factores como volumen de empleados y l\u00edneas de montaje, pero siempre dentro del \u00e1mbito de la maquinaria agraria.<\/p>\n\n\n\n<hr class=\"wp-block-separator has-text-color has-background has-white-background-color has-white-color\"\/>\n\n\n\n<figure class=\"wp-block-image size-large\"><img loading=\"lazy\" decoding=\"async\" width=\"1024\" height=\"683\" data-attachment-id=\"2068\" data-permalink=\"https:\/\/www.repuestosfuster.com\/blog\/agria-un-historico-de-la-maquinaria-espanola\/8671767850_77f7bc0470_k\/\" data-orig-file=\"https:\/\/www.repuestosfuster.com\/blog\/wp-content\/uploads\/2022\/03\/8671767850_77f7bc0470_k.jpg\" data-orig-size=\"2048,1365\" data-comments-opened=\"1\" data-image-meta=\"{&quot;aperture&quot;:&quot;0&quot;,&quot;credit&quot;:&quot;&quot;,&quot;camera&quot;:&quot;&quot;,&quot;caption&quot;:&quot;&quot;,&quot;created_timestamp&quot;:&quot;0&quot;,&quot;copyright&quot;:&quot;&quot;,&quot;focal_length&quot;:&quot;0&quot;,&quot;iso&quot;:&quot;0&quot;,&quot;shutter_speed&quot;:&quot;0&quot;,&quot;title&quot;:&quot;&quot;,&quot;orientation&quot;:&quot;0&quot;}\" data-image-title=\"Agria\" data-image-description=\"\" data-image-caption=\"\" data-medium-file=\"https:\/\/www.repuestosfuster.com\/blog\/wp-content\/uploads\/2022\/03\/8671767850_77f7bc0470_k-300x200.jpg\" data-large-file=\"https:\/\/www.repuestosfuster.com\/blog\/wp-content\/uploads\/2022\/03\/8671767850_77f7bc0470_k-1024x683.jpg\" src=\"http:\/\/www.repuestosfuster.com\/blog\/wp-content\/uploads\/2022\/03\/8671767850_77f7bc0470_k-1024x683.jpg\" alt=\"Agria\" class=\"wp-image-2068\" srcset=\"https:\/\/www.repuestosfuster.com\/blog\/wp-content\/uploads\/2022\/03\/8671767850_77f7bc0470_k-1024x683.jpg 1024w, https:\/\/www.repuestosfuster.com\/blog\/wp-content\/uploads\/2022\/03\/8671767850_77f7bc0470_k-300x200.jpg 300w, https:\/\/www.repuestosfuster.com\/blog\/wp-content\/uploads\/2022\/03\/8671767850_77f7bc0470_k-768x512.jpg 768w, https:\/\/www.repuestosfuster.com\/blog\/wp-content\/uploads\/2022\/03\/8671767850_77f7bc0470_k-1536x1024.jpg 1536w, https:\/\/www.repuestosfuster.com\/blog\/wp-content\/uploads\/2022\/03\/8671767850_77f7bc0470_k.jpg 2048w\" sizes=\"auto, (max-width: 599px) calc(100vw - 50px), (max-width: 767px) calc(100vw - 70px), (max-width: 991px) 429px, (max-width: 1199px) 637px, 354px\" \/><\/figure>\n\n\n\n<h3 class=\"wp-block-heading\"><strong>Nuevos horizontes comerciales<\/strong><\/h3>\n\n\n\n<p class=\"has-text-align-justify\">En 1992, Agria Hispania decide expandir sus horizontes comerciales y comienza a fabricar <strong><span style=\"color:#ff9900\" class=\"has-inline-color\">maquinaria para construcci\u00f3n<\/span><\/strong>. Para ello inaugura una nueva f\u00e1brica en Huesca donde se estrena su primera cadena de montaje de la que sal\u00edan principalmente veh\u00edculos tipo <strong><span style=\"color:#ff9900\" class=\"has-inline-color\">dumper<\/span><\/strong>. Esta nueva orientaci\u00f3n es acogida con gran aceptaci\u00f3n nacional e internacional. Tanto que pronto comienza a ampliarse el cat\u00e1logo de maquinaria de construcci\u00f3n y, en 1998, la f\u00e1brica oscense da a luz la primera <strong><span style=\"color:#ff9900\" class=\"has-inline-color\">carretilla elevadora<\/span><\/strong> de la marca.<\/p>\n\n\n\n<h3 class=\"wp-block-heading\"><strong>Agria y los retos del nuevo siglo<\/strong><\/h3>\n\n\n\n<p class=\"has-text-align-justify\">Pocos a\u00f1os despu\u00e9s, la marca se alza como l\u00edder indiscutible en la fabricaci\u00f3n de maquinaria agr\u00edcola y de construcci\u00f3n a nivel nacional. Ya entrado el siglo XXI y con la crisis econ\u00f3mica azotando m\u00faltiples sectores econ\u00f3micos, Agria Hispania consigue afianzar sus ventas y sobrevivir como la <strong><span style=\"color:#ff9900\" class=\"has-inline-color\">\u00fanica fabricante de tractores en Espa\u00f1a<\/span><\/strong>.<\/p>\n\n\n\n<p class=\"has-text-align-justify\">As\u00ed, durante los primeros a\u00f1os del siglo XXI, Agria se posiciona como la <span style=\"color:#ff9900\" class=\"has-inline-color\"><strong>representante<\/strong> <\/span>de la maquinaria agr\u00edcola espa\u00f1ola en el resto del mundo. Este hecho le ayuda a beneficiarse de m\u00faltiples contratos de distribuci\u00f3n, especialmente entre los pa\u00edses del cono sur del continente americano. No obstante, la distribuci\u00f3n de la empresa no se limita solo a esta parte del mundo y la maquinaria de construcci\u00f3n y agr\u00edcola elaborada por Agria se hace frecuente en pa\u00edses como Alemania, B\u00e9lgica, Italia, Holanda, Francia, Inglaterra, Australia o Nueva Zelanda.<\/p>\n\n\n\n<p class=\"has-text-align-justify\">En la actualidad, Agria contin\u00faa siendo todo un referente en la fabricaci\u00f3n de maquinaria agr\u00edcola y mantiene incluso su sede principal en <strong><span style=\"color:#ff9900\" class=\"has-inline-color\">Amorabieta<\/span><\/strong>, lugar que la vio nacer en 1958.<\/p>\n\n\n\n<hr class=\"wp-block-separator has-text-color has-background has-white-background-color has-white-color\"\/>\n\n\n\n<p>Imagen principal de <a href=\"https:\/\/www.flickr.com\/photos\/apfelfred\/26772382044\/\" data-type=\"URL\" data-id=\"https:\/\/www.flickr.com\/photos\/apfelfred\/26772382044\/\" target=\"_blank\" rel=\"noreferrer noopener\">Tobias H\u00e4ring<\/a>.<\/p>\n\n\n\n<p>imagen central de <a href=\"https:\/\/www.flickr.com\/photos\/nekaderio\/8671767850\/\" data-type=\"URL\" data-id=\"https:\/\/www.flickr.com\/photos\/nekaderio\/8671767850\/\" target=\"_blank\" rel=\"noreferrer noopener\">Derio Nekazaritza Eskola<\/a>.<\/p>\n\n\n<div class=\"kk-star-ratings kksr-auto kksr-align-left kksr-valign-bottom\"\n    data-payload='{&quot;align&quot;:&quot;left&quot;,&quot;id&quot;:&quot;2065&quot;,&quot;slug&quot;:&quot;default&quot;,&quot;valign&quot;:&quot;bottom&quot;,&quot;ignore&quot;:&quot;&quot;,&quot;reference&quot;:&quot;auto&quot;,&quot;class&quot;:&quot;&quot;,&quot;count&quot;:&quot;1&quot;,&quot;legendonly&quot;:&quot;&quot;,&quot;readonly&quot;:&quot;&quot;,&quot;score&quot;:&quot;5&quot;,&quot;starsonly&quot;:&quot;&quot;,&quot;best&quot;:&quot;5&quot;,&quot;gap&quot;:&quot;5&quot;,&quot;greet&quot;:&quot;Rate this post&quot;,&quot;legend&quot;:&quot;5\\\/5 - (1 voto)&quot;,&quot;size&quot;:&quot;24&quot;,&quot;title&quot;:&quot;Agria: un hist\u00f3rico de la maquinaria espa\u00f1ola&quot;,&quot;width&quot;:&quot;142.5&quot;,&quot;_legend&quot;:&quot;{score}\\\/{best} - ({count} {votes})&quot;,&quot;font_factor&quot;:&quot;1.25&quot;}'>\n            \n<div class=\"kksr-stars\">\n    \n<div class=\"kksr-stars-inactive\">\n            <div class=\"kksr-star\" data-star=\"1\" style=\"padding-right: 5px\">\n            \n\n<div class=\"kksr-icon\" style=\"width: 24px; height: 24px;\"><\/div>\n        <\/div>\n            <div class=\"kksr-star\" data-star=\"2\" style=\"padding-right: 5px\">\n            \n\n<div class=\"kksr-icon\" style=\"width: 24px; height: 24px;\"><\/div>\n        <\/div>\n            <div class=\"kksr-star\" data-star=\"3\" style=\"padding-right: 5px\">\n            \n\n<div class=\"kksr-icon\" style=\"width: 24px; height: 24px;\"><\/div>\n        <\/div>\n            <div class=\"kksr-star\" data-star=\"4\" style=\"padding-right: 5px\">\n            \n\n<div class=\"kksr-icon\" style=\"width: 24px; height: 24px;\"><\/div>\n        <\/div>\n            <div class=\"kksr-star\" data-star=\"5\" style=\"padding-right: 5px\">\n            \n\n<div class=\"kksr-icon\" style=\"width: 24px; height: 24px;\"><\/div>\n        <\/div>\n    <\/div>\n    \n<div class=\"kksr-stars-active\" style=\"width: 142.5px;\">\n            <div class=\"kksr-star\" style=\"padding-right: 5px\">\n            \n\n<div class=\"kksr-icon\" style=\"width: 24px; height: 24px;\"><\/div>\n        <\/div>\n            <div class=\"kksr-star\" style=\"padding-right: 5px\">\n            \n\n<div class=\"kksr-icon\" style=\"width: 24px; height: 24px;\"><\/div>\n        <\/div>\n            <div class=\"kksr-star\" style=\"padding-right: 5px\">\n            \n\n<div class=\"kksr-icon\" style=\"width: 24px; height: 24px;\"><\/div>\n        <\/div>\n            <div class=\"kksr-star\" style=\"padding-right: 5px\">\n            \n\n<div class=\"kksr-icon\" style=\"width: 24px; height: 24px;\"><\/div>\n        <\/div>\n            <div class=\"kksr-star\" style=\"padding-right: 5px\">\n            \n\n<div class=\"kksr-icon\" style=\"width: 24px; height: 24px;\"><\/div>\n        <\/div>\n    <\/div>\n<\/div>\n                \n\n<div class=\"kksr-legend\" style=\"font-size: 19.2px;\">\n            5\/5 - (1 voto)    <\/div>\n    <\/div>\n","protected":false},"excerpt":{"rendered":"<p>La empresa Agria Hispania nace en 1958 en Amorabieta y, poco a poco, se ha convertido en una marca de indiscutible referencia internacional.<\/p>\n<a href=\"https:\/\/www.repuestosfuster.com\/blog\/agria-un-historico-de-la-maquinaria-espanola\/\" class=\"read-more-link\">Continua leyendo <span class=\"screen-reader-text\">\"Agria: un hist\u00f3rico de la maquinaria espa\u00f1ola\"<\/span> <span class=\"meta-nav\">&rarr;<\/span><\/a>","protected":false},"author":1,"featured_media":2066,"comment_status":"open","ping_status":"open","sticky":false,"template":"","format":"standard","meta":{"_monsterinsights_skip_tracking":false,"_monsterinsights_sitenote_active":false,"_monsterinsights_sitenote_note":"","_monsterinsights_sitenote_category":0,"jetpack_post_was_ever_published":false,"_jetpack_newsletter_access":"","_jetpack_dont_email_post_to_subs":false,"_jetpack_newsletter_tier_id":0,"_jetpack_memberships_contains_paywalled_content":false,"_jetpack_memberships_contains_paid_content":false,"footnotes":"","jetpack_publicize_message":"","jetpack_publicize_feature_enabled":true,"jetpack_social_post_already_shared":true,"jetpack_social_options":{"image_generator_settings":{"template":"highway","default_image_id":0,"font":"","enabled":false},"version":2}},"categories":[34,43],"tags":[],"class_list":["post-2065","post","type-post","status-publish","format-standard","has-post-thumbnail","hentry","category-tractor","category-historia","penguin-post","penguin-post-not-sticky"],"yoast_head":"<!-- This site is optimized with the Yoast SEO plugin v27.2 - https:\/\/yoast.com\/product\/yoast-seo-wordpress\/ -->\n<title>Agria: un hist\u00f3rico de la maquinaria espa\u00f1ola - BLOG<\/title>\n<meta name=\"description\" content=\"La empresa Agria Hispania nace en 1958 en Amorabieta y, poco a poco, se ha convertido en una marca de indiscutible referencia internacional.\" \/>\n<meta name=\"robots\" content=\"index, follow, max-snippet:-1, max-image-preview:large, max-video-preview:-1\" \/>\n<link rel=\"canonical\" href=\"https:\/\/www.repuestosfuster.com\/blog\/agria-un-historico-de-la-maquinaria-espanola\/\" \/>\n<meta property=\"og:locale\" content=\"es_ES\" \/>\n<meta property=\"og:type\" content=\"article\" \/>\n<meta property=\"og:title\" content=\"Agria: un hist\u00f3rico de la maquinaria espa\u00f1ola - BLOG\" \/>\n<meta property=\"og:description\" content=\"La empresa Agria Hispania nace en 1958 en Amorabieta y, poco a poco, se ha convertido en una marca de indiscutible referencia internacional.\" \/>\n<meta property=\"og:url\" content=\"https:\/\/www.repuestosfuster.com\/blog\/agria-un-historico-de-la-maquinaria-espanola\/\" \/>\n<meta property=\"og:site_name\" content=\"BLOG\" \/>\n<meta property=\"article:published_time\" content=\"2022-03-31T08:15:42+00:00\" \/>\n<meta property=\"article:modified_time\" content=\"2022-03-31T08:15:45+00:00\" \/>\n<meta property=\"og:image\" content=\"https:\/\/www.repuestosfuster.com\/blog\/wp-content\/uploads\/2022\/03\/26772382044_4328ce39f7_k-1.jpg\" \/>\n\t<meta property=\"og:image:width\" content=\"1920\" \/>\n\t<meta property=\"og:image:height\" content=\"460\" \/>\n\t<meta property=\"og:image:type\" content=\"image\/jpeg\" \/>\n<meta name=\"author\" content=\"FUSTER\" \/>\n<meta name=\"twitter:card\" content=\"summary_large_image\" \/>\n<meta name=\"twitter:label1\" content=\"Escrito por\" \/>\n\t<meta name=\"twitter:data1\" content=\"FUSTER\" \/>\n\t<meta name=\"twitter:label2\" content=\"Tiempo de lectura\" \/>\n\t<meta name=\"twitter:data2\" content=\"3 minutos\" \/>\n<script type=\"application\/ld+json\" class=\"yoast-schema-graph\">{\"@context\":\"https:\/\/schema.org\",\"@graph\":[{\"@type\":\"Article\",\"@id\":\"https:\/\/www.repuestosfuster.com\/blog\/agria-un-historico-de-la-maquinaria-espanola\/#article\",\"isPartOf\":{\"@id\":\"https:\/\/www.repuestosfuster.com\/blog\/agria-un-historico-de-la-maquinaria-espanola\/\"},\"author\":{\"name\":\"FUSTER\",\"@id\":\"https:\/\/www.repuestosfuster.com\/blog\/#\/schema\/person\/96301f462c55228d9d330690c83db2b3\"},\"headline\":\"Agria: un hist\u00f3rico de la maquinaria espa\u00f1ola\",\"datePublished\":\"2022-03-31T08:15:42+00:00\",\"dateModified\":\"2022-03-31T08:15:45+00:00\",\"mainEntityOfPage\":{\"@id\":\"https:\/\/www.repuestosfuster.com\/blog\/agria-un-historico-de-la-maquinaria-espanola\/\"},\"wordCount\":586,\"commentCount\":0,\"publisher\":{\"@id\":\"https:\/\/www.repuestosfuster.com\/blog\/#organization\"},\"image\":{\"@id\":\"https:\/\/www.repuestosfuster.com\/blog\/agria-un-historico-de-la-maquinaria-espanola\/#primaryimage\"},\"thumbnailUrl\":\"https:\/\/www.repuestosfuster.com\/blog\/wp-content\/uploads\/2022\/03\/26772382044_4328ce39f7_k-1.jpg\",\"articleSection\":[\"El tractor\",\"Historia\"],\"inLanguage\":\"es\",\"potentialAction\":[{\"@type\":\"CommentAction\",\"name\":\"Comment\",\"target\":[\"https:\/\/www.repuestosfuster.com\/blog\/agria-un-historico-de-la-maquinaria-espanola\/#respond\"]}]},{\"@type\":\"WebPage\",\"@id\":\"https:\/\/www.repuestosfuster.com\/blog\/agria-un-historico-de-la-maquinaria-espanola\/\",\"url\":\"https:\/\/www.repuestosfuster.com\/blog\/agria-un-historico-de-la-maquinaria-espanola\/\",\"name\":\"Agria: un hist\u00f3rico de la maquinaria espa\u00f1ola - BLOG\",\"isPartOf\":{\"@id\":\"https:\/\/www.repuestosfuster.com\/blog\/#website\"},\"primaryImageOfPage\":{\"@id\":\"https:\/\/www.repuestosfuster.com\/blog\/agria-un-historico-de-la-maquinaria-espanola\/#primaryimage\"},\"image\":{\"@id\":\"https:\/\/www.repuestosfuster.com\/blog\/agria-un-historico-de-la-maquinaria-espanola\/#primaryimage\"},\"thumbnailUrl\":\"https:\/\/www.repuestosfuster.com\/blog\/wp-content\/uploads\/2022\/03\/26772382044_4328ce39f7_k-1.jpg\",\"datePublished\":\"2022-03-31T08:15:42+00:00\",\"dateModified\":\"2022-03-31T08:15:45+00:00\",\"description\":\"La empresa Agria Hispania nace en 1958 en Amorabieta y, poco a poco, se ha convertido en una marca de indiscutible referencia internacional.\",\"breadcrumb\":{\"@id\":\"https:\/\/www.repuestosfuster.com\/blog\/agria-un-historico-de-la-maquinaria-espanola\/#breadcrumb\"},\"inLanguage\":\"es\",\"potentialAction\":[{\"@type\":\"ReadAction\",\"target\":[\"https:\/\/www.repuestosfuster.com\/blog\/agria-un-historico-de-la-maquinaria-espanola\/\"]}]},{\"@type\":\"ImageObject\",\"inLanguage\":\"es\",\"@id\":\"https:\/\/www.repuestosfuster.com\/blog\/agria-un-historico-de-la-maquinaria-espanola\/#primaryimage\",\"url\":\"https:\/\/www.repuestosfuster.com\/blog\/wp-content\/uploads\/2022\/03\/26772382044_4328ce39f7_k-1.jpg\",\"contentUrl\":\"https:\/\/www.repuestosfuster.com\/blog\/wp-content\/uploads\/2022\/03\/26772382044_4328ce39f7_k-1.jpg\",\"width\":1920,\"height\":460,\"caption\":\"Agria\"},{\"@type\":\"BreadcrumbList\",\"@id\":\"https:\/\/www.repuestosfuster.com\/blog\/agria-un-historico-de-la-maquinaria-espanola\/#breadcrumb\",\"itemListElement\":[{\"@type\":\"ListItem\",\"position\":1,\"name\":\"Inicio\",\"item\":\"https:\/\/www.repuestosfuster.com\/blog\/\"},{\"@type\":\"ListItem\",\"position\":2,\"name\":\"Agria: un hist\u00f3rico de la maquinaria espa\u00f1ola\"}]},{\"@type\":\"WebSite\",\"@id\":\"https:\/\/www.repuestosfuster.com\/blog\/#website\",\"url\":\"https:\/\/www.repuestosfuster.com\/blog\/\",\"name\":\"Repuestos Fuster Blog\",\"description\":\"Tu blog de agricultura y tractores\",\"publisher\":{\"@id\":\"https:\/\/www.repuestosfuster.com\/blog\/#organization\"},\"potentialAction\":[{\"@type\":\"SearchAction\",\"target\":{\"@type\":\"EntryPoint\",\"urlTemplate\":\"https:\/\/www.repuestosfuster.com\/blog\/?s={search_term_string}\"},\"query-input\":{\"@type\":\"PropertyValueSpecification\",\"valueRequired\":true,\"valueName\":\"search_term_string\"}}],\"inLanguage\":\"es\"},{\"@type\":\"Organization\",\"@id\":\"https:\/\/www.repuestosfuster.com\/blog\/#organization\",\"name\":\"Repuestos Fuster\",\"url\":\"https:\/\/www.repuestosfuster.com\/blog\/\",\"logo\":{\"@type\":\"ImageObject\",\"inLanguage\":\"es\",\"@id\":\"https:\/\/www.repuestosfuster.com\/blog\/#\/schema\/logo\/image\/\",\"url\":\"https:\/\/www.repuestosfuster.com\/blog\/wp-content\/uploads\/2017\/03\/logo-fuster.png\",\"contentUrl\":\"https:\/\/www.repuestosfuster.com\/blog\/wp-content\/uploads\/2017\/03\/logo-fuster.png\",\"width\":300,\"height\":120,\"caption\":\"Repuestos Fuster\"},\"image\":{\"@id\":\"https:\/\/www.repuestosfuster.com\/blog\/#\/schema\/logo\/image\/\"}},{\"@type\":\"Person\",\"@id\":\"https:\/\/www.repuestosfuster.com\/blog\/#\/schema\/person\/96301f462c55228d9d330690c83db2b3\",\"name\":\"FUSTER\",\"image\":{\"@type\":\"ImageObject\",\"inLanguage\":\"es\",\"@id\":\"https:\/\/secure.gravatar.com\/avatar\/00201df07a21b34b695826e786430d6bd01ef7530dd6745786b4e32666a277e4?s=96&d=mm&r=g\",\"url\":\"https:\/\/secure.gravatar.com\/avatar\/00201df07a21b34b695826e786430d6bd01ef7530dd6745786b4e32666a277e4?s=96&d=mm&r=g\",\"contentUrl\":\"https:\/\/secure.gravatar.com\/avatar\/00201df07a21b34b695826e786430d6bd01ef7530dd6745786b4e32666a277e4?s=96&d=mm&r=g\",\"caption\":\"FUSTER\"},\"description\":\"Repuestos Fuster es un fabricante de recambios para tractores cuyo principal objetivo es la producci\u00f3n rigurosa y garantizada de repuestos con la misma calidad que la pieza original a un precio m\u00e1s econ\u00f3mico.\",\"sameAs\":[\"http:\/\/www.repuestosfuster.com\/\"]}]}<\/script>\n<!-- \/ Yoast SEO plugin. -->","yoast_head_json":{"title":"Agria: un hist\u00f3rico de la maquinaria espa\u00f1ola - BLOG","description":"La empresa Agria Hispania nace en 1958 en Amorabieta y, poco a poco, se ha convertido en una marca de indiscutible referencia internacional.","robots":{"index":"index","follow":"follow","max-snippet":"max-snippet:-1","max-image-preview":"max-image-preview:large","max-video-preview":"max-video-preview:-1"},"canonical":"https:\/\/www.repuestosfuster.com\/blog\/agria-un-historico-de-la-maquinaria-espanola\/","og_locale":"es_ES","og_type":"article","og_title":"Agria: un hist\u00f3rico de la maquinaria espa\u00f1ola - BLOG","og_description":"La empresa Agria Hispania nace en 1958 en Amorabieta y, poco a poco, se ha convertido en una marca de indiscutible referencia internacional.","og_url":"https:\/\/www.repuestosfuster.com\/blog\/agria-un-historico-de-la-maquinaria-espanola\/","og_site_name":"BLOG","article_published_time":"2022-03-31T08:15:42+00:00","article_modified_time":"2022-03-31T08:15:45+00:00","og_image":[{"width":1920,"height":460,"url":"https:\/\/www.repuestosfuster.com\/blog\/wp-content\/uploads\/2022\/03\/26772382044_4328ce39f7_k-1.jpg","type":"image\/jpeg"}],"author":"FUSTER","twitter_card":"summary_large_image","twitter_misc":{"Escrito por":"FUSTER","Tiempo de lectura":"3 minutos"},"schema":{"@context":"https:\/\/schema.org","@graph":[{"@type":"Article","@id":"https:\/\/www.repuestosfuster.com\/blog\/agria-un-historico-de-la-maquinaria-espanola\/#article","isPartOf":{"@id":"https:\/\/www.repuestosfuster.com\/blog\/agria-un-historico-de-la-maquinaria-espanola\/"},"author":{"name":"FUSTER","@id":"https:\/\/www.repuestosfuster.com\/blog\/#\/schema\/person\/96301f462c55228d9d330690c83db2b3"},"headline":"Agria: un hist\u00f3rico de la maquinaria espa\u00f1ola","datePublished":"2022-03-31T08:15:42+00:00","dateModified":"2022-03-31T08:15:45+00:00","mainEntityOfPage":{"@id":"https:\/\/www.repuestosfuster.com\/blog\/agria-un-historico-de-la-maquinaria-espanola\/"},"wordCount":586,"commentCount":0,"publisher":{"@id":"https:\/\/www.repuestosfuster.com\/blog\/#organization"},"image":{"@id":"https:\/\/www.repuestosfuster.com\/blog\/agria-un-historico-de-la-maquinaria-espanola\/#primaryimage"},"thumbnailUrl":"https:\/\/www.repuestosfuster.com\/blog\/wp-content\/uploads\/2022\/03\/26772382044_4328ce39f7_k-1.jpg","articleSection":["El tractor","Historia"],"inLanguage":"es","potentialAction":[{"@type":"CommentAction","name":"Comment","target":["https:\/\/www.repuestosfuster.com\/blog\/agria-un-historico-de-la-maquinaria-espanola\/#respond"]}]},{"@type":"WebPage","@id":"https:\/\/www.repuestosfuster.com\/blog\/agria-un-historico-de-la-maquinaria-espanola\/","url":"https:\/\/www.repuestosfuster.com\/blog\/agria-un-historico-de-la-maquinaria-espanola\/","name":"Agria: un hist\u00f3rico de la maquinaria espa\u00f1ola - BLOG","isPartOf":{"@id":"https:\/\/www.repuestosfuster.com\/blog\/#website"},"primaryImageOfPage":{"@id":"https:\/\/www.repuestosfuster.com\/blog\/agria-un-historico-de-la-maquinaria-espanola\/#primaryimage"},"image":{"@id":"https:\/\/www.repuestosfuster.com\/blog\/agria-un-historico-de-la-maquinaria-espanola\/#primaryimage"},"thumbnailUrl":"https:\/\/www.repuestosfuster.com\/blog\/wp-content\/uploads\/2022\/03\/26772382044_4328ce39f7_k-1.jpg","datePublished":"2022-03-31T08:15:42+00:00","dateModified":"2022-03-31T08:15:45+00:00","description":"La empresa Agria Hispania nace en 1958 en Amorabieta y, poco a poco, se ha convertido en una marca de indiscutible referencia internacional.","breadcrumb":{"@id":"https:\/\/www.repuestosfuster.com\/blog\/agria-un-historico-de-la-maquinaria-espanola\/#breadcrumb"},"inLanguage":"es","potentialAction":[{"@type":"ReadAction","target":["https:\/\/www.repuestosfuster.com\/blog\/agria-un-historico-de-la-maquinaria-espanola\/"]}]},{"@type":"ImageObject","inLanguage":"es","@id":"https:\/\/www.repuestosfuster.com\/blog\/agria-un-historico-de-la-maquinaria-espanola\/#primaryimage","url":"https:\/\/www.repuestosfuster.com\/blog\/wp-content\/uploads\/2022\/03\/26772382044_4328ce39f7_k-1.jpg","contentUrl":"https:\/\/www.repuestosfuster.com\/blog\/wp-content\/uploads\/2022\/03\/26772382044_4328ce39f7_k-1.jpg","width":1920,"height":460,"caption":"Agria"},{"@type":"BreadcrumbList","@id":"https:\/\/www.repuestosfuster.com\/blog\/agria-un-historico-de-la-maquinaria-espanola\/#breadcrumb","itemListElement":[{"@type":"ListItem","position":1,"name":"Inicio","item":"https:\/\/www.repuestosfuster.com\/blog\/"},{"@type":"ListItem","position":2,"name":"Agria: un hist\u00f3rico de la maquinaria espa\u00f1ola"}]},{"@type":"WebSite","@id":"https:\/\/www.repuestosfuster.com\/blog\/#website","url":"https:\/\/www.repuestosfuster.com\/blog\/","name":"Repuestos Fuster Blog","description":"Tu blog de agricultura y tractores","publisher":{"@id":"https:\/\/www.repuestosfuster.com\/blog\/#organization"},"potentialAction":[{"@type":"SearchAction","target":{"@type":"EntryPoint","urlTemplate":"https:\/\/www.repuestosfuster.com\/blog\/?s={search_term_string}"},"query-input":{"@type":"PropertyValueSpecification","valueRequired":true,"valueName":"search_term_string"}}],"inLanguage":"es"},{"@type":"Organization","@id":"https:\/\/www.repuestosfuster.com\/blog\/#organization","name":"Repuestos Fuster","url":"https:\/\/www.repuestosfuster.com\/blog\/","logo":{"@type":"ImageObject","inLanguage":"es","@id":"https:\/\/www.repuestosfuster.com\/blog\/#\/schema\/logo\/image\/","url":"https:\/\/www.repuestosfuster.com\/blog\/wp-content\/uploads\/2017\/03\/logo-fuster.png","contentUrl":"https:\/\/www.repuestosfuster.com\/blog\/wp-content\/uploads\/2017\/03\/logo-fuster.png","width":300,"height":120,"caption":"Repuestos Fuster"},"image":{"@id":"https:\/\/www.repuestosfuster.com\/blog\/#\/schema\/logo\/image\/"}},{"@type":"Person","@id":"https:\/\/www.repuestosfuster.com\/blog\/#\/schema\/person\/96301f462c55228d9d330690c83db2b3","name":"FUSTER","image":{"@type":"ImageObject","inLanguage":"es","@id":"https:\/\/secure.gravatar.com\/avatar\/00201df07a21b34b695826e786430d6bd01ef7530dd6745786b4e32666a277e4?s=96&d=mm&r=g","url":"https:\/\/secure.gravatar.com\/avatar\/00201df07a21b34b695826e786430d6bd01ef7530dd6745786b4e32666a277e4?s=96&d=mm&r=g","contentUrl":"https:\/\/secure.gravatar.com\/avatar\/00201df07a21b34b695826e786430d6bd01ef7530dd6745786b4e32666a277e4?s=96&d=mm&r=g","caption":"FUSTER"},"description":"Repuestos Fuster es un fabricante de recambios para tractores cuyo principal objetivo es la producci\u00f3n rigurosa y garantizada de repuestos con la misma calidad que la pieza original a un precio m\u00e1s econ\u00f3mico.","sameAs":["http:\/\/www.repuestosfuster.com\/"]}]}},"jetpack_publicize_connections":[],"jetpack_featured_media_url":"https:\/\/www.repuestosfuster.com\/blog\/wp-content\/uploads\/2022\/03\/26772382044_4328ce39f7_k-1.jpg","jetpack_sharing_enabled":true,"jetpack_shortlink":"https:\/\/wp.me\/p8NulZ-xj","jetpack-related-posts":[],"_links":{"self":[{"href":"https:\/\/www.repuestosfuster.com\/blog\/wp-json\/wp\/v2\/posts\/2065","targetHints":{"allow":["GET"]}}],"collection":[{"href":"https:\/\/www.repuestosfuster.com\/blog\/wp-json\/wp\/v2\/posts"}],"about":[{"href":"https:\/\/www.repuestosfuster.com\/blog\/wp-json\/wp\/v2\/types\/post"}],"author":[{"embeddable":true,"href":"https:\/\/www.repuestosfuster.com\/blog\/wp-json\/wp\/v2\/users\/1"}],"replies":[{"embeddable":true,"href":"https:\/\/www.repuestosfuster.com\/blog\/wp-json\/wp\/v2\/comments?post=2065"}],"version-history":[{"count":0,"href":"https:\/\/www.repuestosfuster.com\/blog\/wp-json\/wp\/v2\/posts\/2065\/revisions"}],"wp:featuredmedia":[{"embeddable":true,"href":"https:\/\/www.repuestosfuster.com\/blog\/wp-json\/wp\/v2\/media\/2066"}],"wp:attachment":[{"href":"https:\/\/www.repuestosfuster.com\/blog\/wp-json\/wp\/v2\/media?parent=2065"}],"wp:term":[{"taxonomy":"category","embeddable":true,"href":"https:\/\/www.repuestosfuster.com\/blog\/wp-json\/wp\/v2\/categories?post=2065"},{"taxonomy":"post_tag","embeddable":true,"href":"https:\/\/www.repuestosfuster.com\/blog\/wp-json\/wp\/v2\/tags?post=2065"}],"curies":[{"name":"wp","href":"https:\/\/api.w.org\/{rel}","templated":true}]}}