{"id":1937,"date":"2021-11-19T09:23:44","date_gmt":"2021-11-19T09:23:44","guid":{"rendered":"https:\/\/www.repuestosfuster.com\/blog\/?p=1937"},"modified":"2021-11-19T09:23:48","modified_gmt":"2021-11-19T09:23:48","slug":"de-la-atadora-al-tractor-la-historia-de-claas","status":"publish","type":"post","link":"https:\/\/www.repuestosfuster.com\/blog\/de-la-atadora-al-tractor-la-historia-de-claas\/","title":{"rendered":"De la atadora al tractor: la historia de Claas"},"content":{"rendered":"\n<p class=\"has-text-align-justify\">Pese a que el momento en el que se inici\u00f3 su fabricaci\u00f3n de tractores sea una realidad m\u00e1s lejana en el tiempo, la empresa Claas se funda en 1913 en la localidad alemana de Clarholz, Westfalia. Su nacimiento se debe al trabajo de los hermanos August, Theo, Franz y Bernhard Claas, aunque el primero de ellos es considerado la verdadera alma de la compa\u00f1\u00eda y el responsable de su r\u00e1pido crecimiento.<\/p>\n\n\n\n<h3 class=\"wp-block-heading\"><strong>El \u00e9xito desde un atador de paja<\/strong><\/h3>\n\n\n\n<p class=\"has-text-align-justify\">Claas nace con el objetivo de crear maquinaria agr\u00edcola a la altura de la que por aquel entonces se fabricaba en Estados Unidos, que a comienzos del siglo XX era un territorio mucho m\u00e1s avanzado en estos aspectos.\u00a0 As\u00ed, el primer \u00e9xito de la empresa llega con sus famosos <strong><span style=\"color:#ff9900\" class=\"has-inline-color\">atadores de paja<\/span><\/strong>, un instrumento que superaba en calidad al creado a finales del siglo XIX por <strong><a href=\"https:\/\/www.repuestosfuster.com\/es\/productos\/mccormick\" target=\"_blank\" rel=\"noreferrer noopener\"><span class=\"has-inline-color has-luminous-vivid-orange-color\">McCormick<\/span><\/a><\/strong> y que puso r\u00e1pidamente a Claas en el punto de mira de la comunidad agr\u00edcola europea. La empresa comienza a crecer y en el a\u00f1o 1919 traslada su sede a <strong><span style=\"color:#ff9900\" class=\"has-inline-color\">Harsewinkel<\/span><\/strong>, desde donde se comienzan a planificar los siguientes proyectos.<\/p>\n\n\n\n<h3 class=\"wp-block-heading\"><strong>Pues entonces, haremos cosechadoras<\/strong><\/h3>\n\n\n\n<p class=\"has-text-align-justify\"><strong>August Claas<\/strong> quer\u00eda fabricar una cosechadora capaz de competir con los modelos estadounidenses y, para ello, comenz\u00f3 a buscar un socio alem\u00e1n que le apoyase en su proyecto. Al darse cuenta de que no iba a encontrarlo, pronunci\u00f3 una frase que desde entonces se convirti\u00f3 en toda una referencia y que, adem\u00e1s, fue r\u00e1pidamente considerada como una especie de mantra para la empresa: <strong><span style=\"color:#ff9900\" class=\"has-inline-color\">\u201cpues entonces, lo haremos solos\u201d<\/span>.<\/strong><\/p>\n\n\n\n<hr class=\"wp-block-separator has-text-color has-background has-white-background-color has-white-color\"\/>\n\n\n\n<div class=\"wp-block-image\"><figure class=\"aligncenter size-large\"><img loading=\"lazy\" decoding=\"async\" width=\"1024\" height=\"632\" data-attachment-id=\"1940\" data-permalink=\"https:\/\/www.repuestosfuster.com\/blog\/de-la-atadora-al-tractor-la-historia-de-claas\/9493506607_d75dab88bb_k\/\" data-orig-file=\"https:\/\/www.repuestosfuster.com\/blog\/wp-content\/uploads\/2021\/11\/9493506607_d75dab88bb_k.jpg\" data-orig-size=\"2047,1263\" data-comments-opened=\"1\" data-image-meta=\"{&quot;aperture&quot;:&quot;0&quot;,&quot;credit&quot;:&quot;&quot;,&quot;camera&quot;:&quot;&quot;,&quot;caption&quot;:&quot;&quot;,&quot;created_timestamp&quot;:&quot;0&quot;,&quot;copyright&quot;:&quot;&quot;,&quot;focal_length&quot;:&quot;0&quot;,&quot;iso&quot;:&quot;0&quot;,&quot;shutter_speed&quot;:&quot;0&quot;,&quot;title&quot;:&quot;&quot;,&quot;orientation&quot;:&quot;0&quot;}\" data-image-title=\"Claas\" data-image-description=\"\" data-image-caption=\"\" data-medium-file=\"https:\/\/www.repuestosfuster.com\/blog\/wp-content\/uploads\/2021\/11\/9493506607_d75dab88bb_k-300x185.jpg\" data-large-file=\"https:\/\/www.repuestosfuster.com\/blog\/wp-content\/uploads\/2021\/11\/9493506607_d75dab88bb_k-1024x632.jpg\" src=\"http:\/\/www.repuestosfuster.com\/blog\/wp-content\/uploads\/2021\/11\/9493506607_d75dab88bb_k-1024x632.jpg\" alt=\"Claas\" class=\"wp-image-1940\" srcset=\"https:\/\/www.repuestosfuster.com\/blog\/wp-content\/uploads\/2021\/11\/9493506607_d75dab88bb_k-1024x632.jpg 1024w, https:\/\/www.repuestosfuster.com\/blog\/wp-content\/uploads\/2021\/11\/9493506607_d75dab88bb_k-300x185.jpg 300w, https:\/\/www.repuestosfuster.com\/blog\/wp-content\/uploads\/2021\/11\/9493506607_d75dab88bb_k-768x474.jpg 768w, https:\/\/www.repuestosfuster.com\/blog\/wp-content\/uploads\/2021\/11\/9493506607_d75dab88bb_k-1536x948.jpg 1536w, https:\/\/www.repuestosfuster.com\/blog\/wp-content\/uploads\/2021\/11\/9493506607_d75dab88bb_k.jpg 2047w\" sizes=\"auto, (max-width: 599px) calc(100vw - 50px), (max-width: 767px) calc(100vw - 70px), (max-width: 991px) 429px, (max-width: 1199px) 637px, 354px\" \/><\/figure><\/div>\n\n\n\n<hr class=\"wp-block-separator has-text-color has-background has-white-background-color has-white-color\"\/>\n\n\n\n<p class=\"has-text-align-justify\">La <strong><span style=\"color:#ff9900\" class=\"has-inline-color\">primera cosechadora Claas<\/span><\/strong>, adaptada a las necesidades europeas, fue presentada en sociedad en 1936. A partir de este momento, la compa\u00f1\u00eda se convierte en toda una referencia en el campo de la maquinaria agr\u00edcola en el viejo continente. En los siguientes a\u00f1os se crean modelos como las Super, Europa o Matador y, ya a finales del siglo XX, Claas fabrica otros tipos de maquinaria como empacadoras, picadoras o tractores.<\/p>\n\n\n\n<h3 class=\"wp-block-heading\"><strong>El nacimiento de los tractores Claas<\/strong><\/h3>\n\n\n\n<p class=\"has-text-align-justify\">Los primeros tractores Claas ven la luz en el a\u00f1o 1993 con el modelo <strong><span style=\"color:#ff9900\" class=\"has-inline-color\">Xerion 2000<\/span><\/strong>. Siguiendo los dictados fundacionales de la empresa, este veh\u00edculo se presenta como un modelo innovador gracias a su <strong><span style=\"color:#ff9900\" class=\"has-inline-color\">cabina m\u00f3vil<\/span><\/strong> de tres posiciones que permite una gran diversidad de usos que hacen que el tractor pueda emplearse como veh\u00edculo de tiro, de transporte o de sistemas.<\/p>\n\n\n\n<p class=\"has-text-align-justify\">En el a\u00f1o 2003 se produce la absorci\u00f3n de <strong><a href=\"https:\/\/www.repuestosfuster.com\/blog\/renault-auge-e-historia-de-un-gigante\/\" target=\"_blank\" rel=\"noreferrer noopener\"><span class=\"has-inline-color has-luminous-vivid-orange-color\">Renault Agriculture<\/span><\/a><\/strong> y Claas comienza a usar la antigua f\u00e1brica <strong><a href=\"https:\/\/www.repuestosfuster.com\/es\/productos\/renault-claas\" target=\"_blank\" rel=\"noreferrer noopener\"><span class=\"has-inline-color has-luminous-vivid-orange-color\">Renault<\/span><\/a> <\/strong>de Le Mans para fabricar tractores convencionales. Es a estas alturas de la historia cuando se comienza a usar el color verde pradera, que se hace p\u00fablico por primera vez en la feria <strong><a href=\"https:\/\/www.repuestosfuster.com\/blog\/agritechnica-2019-ya-hemos-vuelto\/\" target=\"_blank\" rel=\"noreferrer noopener\"><span class=\"has-inline-color has-luminous-vivid-orange-color\">Agritechnica<\/span><\/a><\/strong> con los nuevos modelos de tractor Celtis, Ares y Atles, junto a su ya ampliamente reconocida serie Xerion.<\/p>\n\n\n\n<p class=\"has-text-align-justify\">A partir de este punto, la fabricaci\u00f3n de tractores Claas no ha dejado de crecer con hitos como la renovaci\u00f3n del modelo Xerion en 2004 o algunas nuevas series como Arion o Axion, modelos que contin\u00faan conviviendo con otros tipos de maquinaria agr\u00edcola o, como no, con sus famosos atadores de paja.<\/p>\n\n\n\n<hr class=\"wp-block-separator has-text-color has-background has-white-background-color has-white-color\"\/>\n\n\n\n<p>Imagen principal de <a href=\"https:\/\/www.flickr.com\/photos\/xe-hauke\/8151130644\/\" target=\"_blank\" rel=\"noreferrer noopener\">Hauke Ruge<\/a>.<\/p>\n\n\n\n<p>Imagen central de <a href=\"https:\/\/www.flickr.com\/photos\/birdwatcher63\/9493506607\/\" data-type=\"URL\" data-id=\"https:\/\/www.flickr.com\/photos\/birdwatcher63\/9493506607\/\" target=\"_blank\" rel=\"noreferrer noopener\">Brian Fuller<\/a>.<\/p>\n\n\n\n<p><\/p>\n\n\n<div class=\"kk-star-ratings kksr-auto kksr-align-left kksr-valign-bottom\"\n    data-payload='{&quot;align&quot;:&quot;left&quot;,&quot;id&quot;:&quot;1937&quot;,&quot;slug&quot;:&quot;default&quot;,&quot;valign&quot;:&quot;bottom&quot;,&quot;ignore&quot;:&quot;&quot;,&quot;reference&quot;:&quot;auto&quot;,&quot;class&quot;:&quot;&quot;,&quot;count&quot;:&quot;0&quot;,&quot;legendonly&quot;:&quot;&quot;,&quot;readonly&quot;:&quot;&quot;,&quot;score&quot;:&quot;0&quot;,&quot;starsonly&quot;:&quot;&quot;,&quot;best&quot;:&quot;5&quot;,&quot;gap&quot;:&quot;5&quot;,&quot;greet&quot;:&quot;Rate this post&quot;,&quot;legend&quot;:&quot;0\\\/5 - (0 votos)&quot;,&quot;size&quot;:&quot;24&quot;,&quot;title&quot;:&quot;De la atadora al tractor: la historia de Claas&quot;,&quot;width&quot;:&quot;0&quot;,&quot;_legend&quot;:&quot;{score}\\\/{best} - ({count} {votes})&quot;,&quot;font_factor&quot;:&quot;1.25&quot;}'>\n            \n<div class=\"kksr-stars\">\n    \n<div class=\"kksr-stars-inactive\">\n            <div class=\"kksr-star\" data-star=\"1\" style=\"padding-right: 5px\">\n            \n\n<div class=\"kksr-icon\" style=\"width: 24px; height: 24px;\"><\/div>\n        <\/div>\n            <div class=\"kksr-star\" data-star=\"2\" style=\"padding-right: 5px\">\n            \n\n<div class=\"kksr-icon\" style=\"width: 24px; height: 24px;\"><\/div>\n        <\/div>\n            <div class=\"kksr-star\" data-star=\"3\" style=\"padding-right: 5px\">\n            \n\n<div class=\"kksr-icon\" style=\"width: 24px; height: 24px;\"><\/div>\n        <\/div>\n            <div class=\"kksr-star\" data-star=\"4\" style=\"padding-right: 5px\">\n            \n\n<div class=\"kksr-icon\" style=\"width: 24px; height: 24px;\"><\/div>\n        <\/div>\n            <div class=\"kksr-star\" data-star=\"5\" style=\"padding-right: 5px\">\n            \n\n<div class=\"kksr-icon\" style=\"width: 24px; height: 24px;\"><\/div>\n        <\/div>\n    <\/div>\n    \n<div class=\"kksr-stars-active\" style=\"width: 0px;\">\n            <div class=\"kksr-star\" style=\"padding-right: 5px\">\n            \n\n<div class=\"kksr-icon\" style=\"width: 24px; height: 24px;\"><\/div>\n        <\/div>\n            <div class=\"kksr-star\" style=\"padding-right: 5px\">\n            \n\n<div class=\"kksr-icon\" style=\"width: 24px; height: 24px;\"><\/div>\n        <\/div>\n            <div class=\"kksr-star\" style=\"padding-right: 5px\">\n            \n\n<div class=\"kksr-icon\" style=\"width: 24px; height: 24px;\"><\/div>\n        <\/div>\n            <div class=\"kksr-star\" style=\"padding-right: 5px\">\n            \n\n<div class=\"kksr-icon\" style=\"width: 24px; height: 24px;\"><\/div>\n        <\/div>\n            <div class=\"kksr-star\" style=\"padding-right: 5px\">\n            \n\n<div class=\"kksr-icon\" style=\"width: 24px; height: 24px;\"><\/div>\n        <\/div>\n    <\/div>\n<\/div>\n                \n\n<div class=\"kksr-legend\" style=\"font-size: 19.2px;\">\n            <span class=\"kksr-muted\">Rate this post<\/span>\n    <\/div>\n    <\/div>\n","protected":false},"excerpt":{"rendered":"<p>La empresa alemana Claas nace en 1913 con la intenci\u00f3n de plantar cara desde Europa al potente mercado estadounidense.<\/p>\n<a href=\"https:\/\/www.repuestosfuster.com\/blog\/de-la-atadora-al-tractor-la-historia-de-claas\/\" class=\"read-more-link\">Continua leyendo <span class=\"screen-reader-text\">\"De la atadora al tractor: la historia de Claas\"<\/span> <span class=\"meta-nav\">&rarr;<\/span><\/a>","protected":false},"author":1,"featured_media":1938,"comment_status":"open","ping_status":"open","sticky":false,"template":"","format":"standard","meta":{"_monsterinsights_skip_tracking":false,"_monsterinsights_sitenote_active":false,"_monsterinsights_sitenote_note":"","_monsterinsights_sitenote_category":0,"jetpack_post_was_ever_published":false,"_jetpack_newsletter_access":"","_jetpack_dont_email_post_to_subs":false,"_jetpack_newsletter_tier_id":0,"_jetpack_memberships_contains_paywalled_content":false,"_jetpack_memberships_contains_paid_content":false,"footnotes":"","jetpack_publicize_message":"","jetpack_publicize_feature_enabled":true,"jetpack_social_post_already_shared":true,"jetpack_social_options":{"image_generator_settings":{"template":"highway","default_image_id":0,"font":"","enabled":false},"version":2}},"categories":[36,34,43],"tags":[],"class_list":["post-1937","post","type-post","status-publish","format-standard","has-post-thumbnail","hentry","category-el-sector","category-tractor","category-historia","penguin-post","penguin-post-not-sticky"],"yoast_head":"<!-- This site is optimized with the Yoast SEO plugin v27.2 - https:\/\/yoast.com\/product\/yoast-seo-wordpress\/ -->\n<title>De la atadora al tractor: la historia de Claas - BLOG<\/title>\n<meta name=\"description\" content=\"La empresa alemana Claas nace en 1913 con la intenci\u00f3n de plantar cara desde Europa al potente mercado estadounidense.\" \/>\n<meta name=\"robots\" content=\"index, follow, max-snippet:-1, max-image-preview:large, max-video-preview:-1\" \/>\n<link rel=\"canonical\" href=\"https:\/\/www.repuestosfuster.com\/blog\/de-la-atadora-al-tractor-la-historia-de-claas\/\" \/>\n<meta property=\"og:locale\" content=\"es_ES\" \/>\n<meta property=\"og:type\" content=\"article\" \/>\n<meta property=\"og:title\" content=\"De la atadora al tractor: la historia de Claas - BLOG\" \/>\n<meta property=\"og:description\" content=\"La empresa alemana Claas nace en 1913 con la intenci\u00f3n de plantar cara desde Europa al potente mercado estadounidense.\" \/>\n<meta property=\"og:url\" content=\"https:\/\/www.repuestosfuster.com\/blog\/de-la-atadora-al-tractor-la-historia-de-claas\/\" \/>\n<meta property=\"og:site_name\" content=\"BLOG\" \/>\n<meta property=\"article:published_time\" content=\"2021-11-19T09:23:44+00:00\" \/>\n<meta property=\"article:modified_time\" content=\"2021-11-19T09:23:48+00:00\" \/>\n<meta property=\"og:image\" content=\"http:\/\/www.repuestosfuster.com\/blog\/wp-content\/uploads\/2021\/11\/8151130644_b4c62b55e5_k.jpg\" \/>\n\t<meta property=\"og:image:width\" content=\"1920\" \/>\n\t<meta property=\"og:image:height\" content=\"460\" \/>\n\t<meta property=\"og:image:type\" content=\"image\/jpeg\" \/>\n<meta name=\"author\" content=\"FUSTER\" \/>\n<meta name=\"twitter:card\" content=\"summary_large_image\" \/>\n<meta name=\"twitter:label1\" content=\"Escrito por\" \/>\n\t<meta name=\"twitter:data1\" content=\"FUSTER\" \/>\n\t<meta name=\"twitter:label2\" content=\"Tiempo de lectura\" \/>\n\t<meta name=\"twitter:data2\" content=\"3 minutos\" \/>\n<script type=\"application\/ld+json\" class=\"yoast-schema-graph\">{\"@context\":\"https:\/\/schema.org\",\"@graph\":[{\"@type\":\"Article\",\"@id\":\"https:\/\/www.repuestosfuster.com\/blog\/de-la-atadora-al-tractor-la-historia-de-claas\/#article\",\"isPartOf\":{\"@id\":\"https:\/\/www.repuestosfuster.com\/blog\/de-la-atadora-al-tractor-la-historia-de-claas\/\"},\"author\":{\"name\":\"FUSTER\",\"@id\":\"https:\/\/www.repuestosfuster.com\/blog\/#\/schema\/person\/96301f462c55228d9d330690c83db2b3\"},\"headline\":\"De la atadora al tractor: la historia de Claas\",\"datePublished\":\"2021-11-19T09:23:44+00:00\",\"dateModified\":\"2021-11-19T09:23:48+00:00\",\"mainEntityOfPage\":{\"@id\":\"https:\/\/www.repuestosfuster.com\/blog\/de-la-atadora-al-tractor-la-historia-de-claas\/\"},\"wordCount\":559,\"commentCount\":0,\"publisher\":{\"@id\":\"https:\/\/www.repuestosfuster.com\/blog\/#organization\"},\"image\":{\"@id\":\"https:\/\/www.repuestosfuster.com\/blog\/de-la-atadora-al-tractor-la-historia-de-claas\/#primaryimage\"},\"thumbnailUrl\":\"https:\/\/www.repuestosfuster.com\/blog\/wp-content\/uploads\/2021\/11\/8151130644_b4c62b55e5_k.jpg\",\"articleSection\":[\"El sector\",\"El tractor\",\"Historia\"],\"inLanguage\":\"es\",\"potentialAction\":[{\"@type\":\"CommentAction\",\"name\":\"Comment\",\"target\":[\"https:\/\/www.repuestosfuster.com\/blog\/de-la-atadora-al-tractor-la-historia-de-claas\/#respond\"]}]},{\"@type\":\"WebPage\",\"@id\":\"https:\/\/www.repuestosfuster.com\/blog\/de-la-atadora-al-tractor-la-historia-de-claas\/\",\"url\":\"https:\/\/www.repuestosfuster.com\/blog\/de-la-atadora-al-tractor-la-historia-de-claas\/\",\"name\":\"De la atadora al tractor: la historia de Claas - BLOG\",\"isPartOf\":{\"@id\":\"https:\/\/www.repuestosfuster.com\/blog\/#website\"},\"primaryImageOfPage\":{\"@id\":\"https:\/\/www.repuestosfuster.com\/blog\/de-la-atadora-al-tractor-la-historia-de-claas\/#primaryimage\"},\"image\":{\"@id\":\"https:\/\/www.repuestosfuster.com\/blog\/de-la-atadora-al-tractor-la-historia-de-claas\/#primaryimage\"},\"thumbnailUrl\":\"https:\/\/www.repuestosfuster.com\/blog\/wp-content\/uploads\/2021\/11\/8151130644_b4c62b55e5_k.jpg\",\"datePublished\":\"2021-11-19T09:23:44+00:00\",\"dateModified\":\"2021-11-19T09:23:48+00:00\",\"description\":\"La empresa alemana Claas nace en 1913 con la intenci\u00f3n de plantar cara desde Europa al potente mercado estadounidense.\",\"breadcrumb\":{\"@id\":\"https:\/\/www.repuestosfuster.com\/blog\/de-la-atadora-al-tractor-la-historia-de-claas\/#breadcrumb\"},\"inLanguage\":\"es\",\"potentialAction\":[{\"@type\":\"ReadAction\",\"target\":[\"https:\/\/www.repuestosfuster.com\/blog\/de-la-atadora-al-tractor-la-historia-de-claas\/\"]}]},{\"@type\":\"ImageObject\",\"inLanguage\":\"es\",\"@id\":\"https:\/\/www.repuestosfuster.com\/blog\/de-la-atadora-al-tractor-la-historia-de-claas\/#primaryimage\",\"url\":\"https:\/\/www.repuestosfuster.com\/blog\/wp-content\/uploads\/2021\/11\/8151130644_b4c62b55e5_k.jpg\",\"contentUrl\":\"https:\/\/www.repuestosfuster.com\/blog\/wp-content\/uploads\/2021\/11\/8151130644_b4c62b55e5_k.jpg\",\"width\":1920,\"height\":460,\"caption\":\"Claas\"},{\"@type\":\"BreadcrumbList\",\"@id\":\"https:\/\/www.repuestosfuster.com\/blog\/de-la-atadora-al-tractor-la-historia-de-claas\/#breadcrumb\",\"itemListElement\":[{\"@type\":\"ListItem\",\"position\":1,\"name\":\"Inicio\",\"item\":\"https:\/\/www.repuestosfuster.com\/blog\/\"},{\"@type\":\"ListItem\",\"position\":2,\"name\":\"De la atadora al tractor: la historia de Claas\"}]},{\"@type\":\"WebSite\",\"@id\":\"https:\/\/www.repuestosfuster.com\/blog\/#website\",\"url\":\"https:\/\/www.repuestosfuster.com\/blog\/\",\"name\":\"Repuestos Fuster Blog\",\"description\":\"Tu blog de agricultura y tractores\",\"publisher\":{\"@id\":\"https:\/\/www.repuestosfuster.com\/blog\/#organization\"},\"potentialAction\":[{\"@type\":\"SearchAction\",\"target\":{\"@type\":\"EntryPoint\",\"urlTemplate\":\"https:\/\/www.repuestosfuster.com\/blog\/?s={search_term_string}\"},\"query-input\":{\"@type\":\"PropertyValueSpecification\",\"valueRequired\":true,\"valueName\":\"search_term_string\"}}],\"inLanguage\":\"es\"},{\"@type\":\"Organization\",\"@id\":\"https:\/\/www.repuestosfuster.com\/blog\/#organization\",\"name\":\"Repuestos Fuster\",\"url\":\"https:\/\/www.repuestosfuster.com\/blog\/\",\"logo\":{\"@type\":\"ImageObject\",\"inLanguage\":\"es\",\"@id\":\"https:\/\/www.repuestosfuster.com\/blog\/#\/schema\/logo\/image\/\",\"url\":\"https:\/\/www.repuestosfuster.com\/blog\/wp-content\/uploads\/2017\/03\/logo-fuster.png\",\"contentUrl\":\"https:\/\/www.repuestosfuster.com\/blog\/wp-content\/uploads\/2017\/03\/logo-fuster.png\",\"width\":300,\"height\":120,\"caption\":\"Repuestos Fuster\"},\"image\":{\"@id\":\"https:\/\/www.repuestosfuster.com\/blog\/#\/schema\/logo\/image\/\"}},{\"@type\":\"Person\",\"@id\":\"https:\/\/www.repuestosfuster.com\/blog\/#\/schema\/person\/96301f462c55228d9d330690c83db2b3\",\"name\":\"FUSTER\",\"image\":{\"@type\":\"ImageObject\",\"inLanguage\":\"es\",\"@id\":\"https:\/\/secure.gravatar.com\/avatar\/00201df07a21b34b695826e786430d6bd01ef7530dd6745786b4e32666a277e4?s=96&d=mm&r=g\",\"url\":\"https:\/\/secure.gravatar.com\/avatar\/00201df07a21b34b695826e786430d6bd01ef7530dd6745786b4e32666a277e4?s=96&d=mm&r=g\",\"contentUrl\":\"https:\/\/secure.gravatar.com\/avatar\/00201df07a21b34b695826e786430d6bd01ef7530dd6745786b4e32666a277e4?s=96&d=mm&r=g\",\"caption\":\"FUSTER\"},\"description\":\"Repuestos Fuster es un fabricante de recambios para tractores cuyo principal objetivo es la producci\u00f3n rigurosa y garantizada de repuestos con la misma calidad que la pieza original a un precio m\u00e1s econ\u00f3mico.\",\"sameAs\":[\"http:\/\/www.repuestosfuster.com\/\"]}]}<\/script>\n<!-- \/ Yoast SEO plugin. -->","yoast_head_json":{"title":"De la atadora al tractor: la historia de Claas - BLOG","description":"La empresa alemana Claas nace en 1913 con la intenci\u00f3n de plantar cara desde Europa al potente mercado estadounidense.","robots":{"index":"index","follow":"follow","max-snippet":"max-snippet:-1","max-image-preview":"max-image-preview:large","max-video-preview":"max-video-preview:-1"},"canonical":"https:\/\/www.repuestosfuster.com\/blog\/de-la-atadora-al-tractor-la-historia-de-claas\/","og_locale":"es_ES","og_type":"article","og_title":"De la atadora al tractor: la historia de Claas - BLOG","og_description":"La empresa alemana Claas nace en 1913 con la intenci\u00f3n de plantar cara desde Europa al potente mercado estadounidense.","og_url":"https:\/\/www.repuestosfuster.com\/blog\/de-la-atadora-al-tractor-la-historia-de-claas\/","og_site_name":"BLOG","article_published_time":"2021-11-19T09:23:44+00:00","article_modified_time":"2021-11-19T09:23:48+00:00","og_image":[{"width":1920,"height":460,"url":"http:\/\/www.repuestosfuster.com\/blog\/wp-content\/uploads\/2021\/11\/8151130644_b4c62b55e5_k.jpg","type":"image\/jpeg"}],"author":"FUSTER","twitter_card":"summary_large_image","twitter_misc":{"Escrito por":"FUSTER","Tiempo de lectura":"3 minutos"},"schema":{"@context":"https:\/\/schema.org","@graph":[{"@type":"Article","@id":"https:\/\/www.repuestosfuster.com\/blog\/de-la-atadora-al-tractor-la-historia-de-claas\/#article","isPartOf":{"@id":"https:\/\/www.repuestosfuster.com\/blog\/de-la-atadora-al-tractor-la-historia-de-claas\/"},"author":{"name":"FUSTER","@id":"https:\/\/www.repuestosfuster.com\/blog\/#\/schema\/person\/96301f462c55228d9d330690c83db2b3"},"headline":"De la atadora al tractor: la historia de Claas","datePublished":"2021-11-19T09:23:44+00:00","dateModified":"2021-11-19T09:23:48+00:00","mainEntityOfPage":{"@id":"https:\/\/www.repuestosfuster.com\/blog\/de-la-atadora-al-tractor-la-historia-de-claas\/"},"wordCount":559,"commentCount":0,"publisher":{"@id":"https:\/\/www.repuestosfuster.com\/blog\/#organization"},"image":{"@id":"https:\/\/www.repuestosfuster.com\/blog\/de-la-atadora-al-tractor-la-historia-de-claas\/#primaryimage"},"thumbnailUrl":"https:\/\/www.repuestosfuster.com\/blog\/wp-content\/uploads\/2021\/11\/8151130644_b4c62b55e5_k.jpg","articleSection":["El sector","El tractor","Historia"],"inLanguage":"es","potentialAction":[{"@type":"CommentAction","name":"Comment","target":["https:\/\/www.repuestosfuster.com\/blog\/de-la-atadora-al-tractor-la-historia-de-claas\/#respond"]}]},{"@type":"WebPage","@id":"https:\/\/www.repuestosfuster.com\/blog\/de-la-atadora-al-tractor-la-historia-de-claas\/","url":"https:\/\/www.repuestosfuster.com\/blog\/de-la-atadora-al-tractor-la-historia-de-claas\/","name":"De la atadora al tractor: la historia de Claas - BLOG","isPartOf":{"@id":"https:\/\/www.repuestosfuster.com\/blog\/#website"},"primaryImageOfPage":{"@id":"https:\/\/www.repuestosfuster.com\/blog\/de-la-atadora-al-tractor-la-historia-de-claas\/#primaryimage"},"image":{"@id":"https:\/\/www.repuestosfuster.com\/blog\/de-la-atadora-al-tractor-la-historia-de-claas\/#primaryimage"},"thumbnailUrl":"https:\/\/www.repuestosfuster.com\/blog\/wp-content\/uploads\/2021\/11\/8151130644_b4c62b55e5_k.jpg","datePublished":"2021-11-19T09:23:44+00:00","dateModified":"2021-11-19T09:23:48+00:00","description":"La empresa alemana Claas nace en 1913 con la intenci\u00f3n de plantar cara desde Europa al potente mercado estadounidense.","breadcrumb":{"@id":"https:\/\/www.repuestosfuster.com\/blog\/de-la-atadora-al-tractor-la-historia-de-claas\/#breadcrumb"},"inLanguage":"es","potentialAction":[{"@type":"ReadAction","target":["https:\/\/www.repuestosfuster.com\/blog\/de-la-atadora-al-tractor-la-historia-de-claas\/"]}]},{"@type":"ImageObject","inLanguage":"es","@id":"https:\/\/www.repuestosfuster.com\/blog\/de-la-atadora-al-tractor-la-historia-de-claas\/#primaryimage","url":"https:\/\/www.repuestosfuster.com\/blog\/wp-content\/uploads\/2021\/11\/8151130644_b4c62b55e5_k.jpg","contentUrl":"https:\/\/www.repuestosfuster.com\/blog\/wp-content\/uploads\/2021\/11\/8151130644_b4c62b55e5_k.jpg","width":1920,"height":460,"caption":"Claas"},{"@type":"BreadcrumbList","@id":"https:\/\/www.repuestosfuster.com\/blog\/de-la-atadora-al-tractor-la-historia-de-claas\/#breadcrumb","itemListElement":[{"@type":"ListItem","position":1,"name":"Inicio","item":"https:\/\/www.repuestosfuster.com\/blog\/"},{"@type":"ListItem","position":2,"name":"De la atadora al tractor: la historia de Claas"}]},{"@type":"WebSite","@id":"https:\/\/www.repuestosfuster.com\/blog\/#website","url":"https:\/\/www.repuestosfuster.com\/blog\/","name":"Repuestos Fuster Blog","description":"Tu blog de agricultura y tractores","publisher":{"@id":"https:\/\/www.repuestosfuster.com\/blog\/#organization"},"potentialAction":[{"@type":"SearchAction","target":{"@type":"EntryPoint","urlTemplate":"https:\/\/www.repuestosfuster.com\/blog\/?s={search_term_string}"},"query-input":{"@type":"PropertyValueSpecification","valueRequired":true,"valueName":"search_term_string"}}],"inLanguage":"es"},{"@type":"Organization","@id":"https:\/\/www.repuestosfuster.com\/blog\/#organization","name":"Repuestos Fuster","url":"https:\/\/www.repuestosfuster.com\/blog\/","logo":{"@type":"ImageObject","inLanguage":"es","@id":"https:\/\/www.repuestosfuster.com\/blog\/#\/schema\/logo\/image\/","url":"https:\/\/www.repuestosfuster.com\/blog\/wp-content\/uploads\/2017\/03\/logo-fuster.png","contentUrl":"https:\/\/www.repuestosfuster.com\/blog\/wp-content\/uploads\/2017\/03\/logo-fuster.png","width":300,"height":120,"caption":"Repuestos Fuster"},"image":{"@id":"https:\/\/www.repuestosfuster.com\/blog\/#\/schema\/logo\/image\/"}},{"@type":"Person","@id":"https:\/\/www.repuestosfuster.com\/blog\/#\/schema\/person\/96301f462c55228d9d330690c83db2b3","name":"FUSTER","image":{"@type":"ImageObject","inLanguage":"es","@id":"https:\/\/secure.gravatar.com\/avatar\/00201df07a21b34b695826e786430d6bd01ef7530dd6745786b4e32666a277e4?s=96&d=mm&r=g","url":"https:\/\/secure.gravatar.com\/avatar\/00201df07a21b34b695826e786430d6bd01ef7530dd6745786b4e32666a277e4?s=96&d=mm&r=g","contentUrl":"https:\/\/secure.gravatar.com\/avatar\/00201df07a21b34b695826e786430d6bd01ef7530dd6745786b4e32666a277e4?s=96&d=mm&r=g","caption":"FUSTER"},"description":"Repuestos Fuster es un fabricante de recambios para tractores cuyo principal objetivo es la producci\u00f3n rigurosa y garantizada de repuestos con la misma calidad que la pieza original a un precio m\u00e1s econ\u00f3mico.","sameAs":["http:\/\/www.repuestosfuster.com\/"]}]}},"jetpack_publicize_connections":[],"jetpack_featured_media_url":"https:\/\/www.repuestosfuster.com\/blog\/wp-content\/uploads\/2021\/11\/8151130644_b4c62b55e5_k.jpg","jetpack_sharing_enabled":true,"jetpack_shortlink":"https:\/\/wp.me\/p8NulZ-vf","jetpack-related-posts":[],"_links":{"self":[{"href":"https:\/\/www.repuestosfuster.com\/blog\/wp-json\/wp\/v2\/posts\/1937","targetHints":{"allow":["GET"]}}],"collection":[{"href":"https:\/\/www.repuestosfuster.com\/blog\/wp-json\/wp\/v2\/posts"}],"about":[{"href":"https:\/\/www.repuestosfuster.com\/blog\/wp-json\/wp\/v2\/types\/post"}],"author":[{"embeddable":true,"href":"https:\/\/www.repuestosfuster.com\/blog\/wp-json\/wp\/v2\/users\/1"}],"replies":[{"embeddable":true,"href":"https:\/\/www.repuestosfuster.com\/blog\/wp-json\/wp\/v2\/comments?post=1937"}],"version-history":[{"count":0,"href":"https:\/\/www.repuestosfuster.com\/blog\/wp-json\/wp\/v2\/posts\/1937\/revisions"}],"wp:featuredmedia":[{"embeddable":true,"href":"https:\/\/www.repuestosfuster.com\/blog\/wp-json\/wp\/v2\/media\/1938"}],"wp:attachment":[{"href":"https:\/\/www.repuestosfuster.com\/blog\/wp-json\/wp\/v2\/media?parent=1937"}],"wp:term":[{"taxonomy":"category","embeddable":true,"href":"https:\/\/www.repuestosfuster.com\/blog\/wp-json\/wp\/v2\/categories?post=1937"},{"taxonomy":"post_tag","embeddable":true,"href":"https:\/\/www.repuestosfuster.com\/blog\/wp-json\/wp\/v2\/tags?post=1937"}],"curies":[{"name":"wp","href":"https:\/\/api.w.org\/{rel}","templated":true}]}}